{"id":53193,"date":"2024-01-25T11:07:40","date_gmt":"2024-01-25T09:07:40","guid":{"rendered":"https:\/\/kunakair.com\/la-qualite-de-lair-dans-les-aeroports-un-defi-pour-la-sante-et-lenvironnement\/"},"modified":"2024-08-29T14:38:39","modified_gmt":"2024-08-29T12:38:39","slug":"la-qualite-de-lair-dans-les-aeroports-un-defi-pour-la-sante-et-lenvironnement","status":"publish","type":"post","link":"https:\/\/kunakair.com\/fr\/la-qualite-de-lair-dans-les-aeroports-un-defi-pour-la-sante-et-lenvironnement\/","title":{"rendered":"La qualit\u00e9 de l\u2019air dans les a\u00e9roports, un d\u00e9fi pour la sant\u00e9 et l\u2019environnement"},"content":{"rendered":"<p>Rien n&rsquo;est \u00e9crit, mais la prochaine fois que nous atterrirons dans un a\u00e9roport, nous devrions y r\u00e9fl\u00e9chir \u00e0 deux fois avant de respirer profond\u00e9ment pour avoir r\u00e9ussi \u00e0 atterrir. L\u2019impact des \u00e9missions des<strong><b>\u00a0<\/b><\/strong><strong><b>gaz et de particules dans les a\u00e9roports<\/b><\/strong><strong><b>\u00a0<\/b><\/strong>contribuent \u00e0<strong><b>\u00a0l\u2019aggravation de la qualit\u00e9 de l\u2019air <\/b><\/strong>ambiant. L\u2019augmentation de la pollution locale a un impact sur le nombre de <strong><b>d\u00e9c\u00e8s pr\u00e9matur\u00e9s des personnes <\/b><\/strong>travaillant et vivant dans les zones a\u00e9roportuaires et sur le d\u00e9veloppement des <a target=\"_blank\" href=\"https:\/\/www.itfglobal.org\/sites\/default\/files\/resources-files\/airport-quality-factsheet_es.pdf\">maladies respiratoires et cardiovasculaires<\/a>. Pour <strong><b>r\u00e9duire l\u2019impact de la pollution a\u00e9roportuaire <\/b><\/strong>sur la sant\u00e9 humaine, il est essentiel de commencer par identifier ce \u00e0 quoi nous avons affaire. Les syst\u00e8mes de mesure de la qualit\u00e9 de l\u2019air permettent de d\u00e9finir les gaz et les particules en suspension dans les a\u00e9roports et, de la m\u00eame mani\u00e8re, uniquement gr\u00e2ce \u00e0 des <strong><b>donn\u00e9es pr\u00e9cises recueillies pour chaque polluant<\/b><\/strong>, de d\u00e9finir comment cette pollution affecte les zones habit\u00e9es \u00e0 proximit\u00e9 de ses installations.<\/p>\n<h2>Dans quelle mesure le secteur de l\u2019aviation pollue-t-il\u00a0?<\/h2>\n<p>Une \u00e9tude r\u00e9alis\u00e9e par l\u2019<strong><b>Institut de technologie du Massachusetts (MIT) <\/b><\/strong>sur<a target=\"_blank\" href=\"https:\/\/iopscience.iop.org\/article\/10.1088\/1748-9326\/ab4942\">l\u2019impact des avions sur <\/a><a target=\"_blank\" href=\"https:\/\/iopscience.iop.org\/article\/10.1088\/1748-9326\/ab4942\">la qualit\u00e9 de l\u2019air, li\u00e9 \u00e0 l\u2019altitude de vol, \u00e0 la composition chimique de leurs \u00e9missions et \u00e0 leur localisation<\/a>, a montr\u00e9 <strong><b>les plus grandes alt\u00e9rations de la qualit\u00e9 de l\u2019air<\/b><\/strong> caus\u00e9es par les avions. Elles proviennent du dioxyde de carbone (CO<sub>2)<\/sub>, des oxydes d\u2019azote (Nox)<sub>x)<\/sub> et de la vapeur d\u2019eau des tra\u00een\u00e9es de condensation qui se d\u00e9gagent pendant les<strong><b>\u00a0<\/b><\/strong><strong><b>vols de tourisme<\/b><\/strong>. \u00c0 cette contribution en vol s\u2019ajoute la pollution de l\u2019environnement. Elle est g\u00e9n\u00e9r\u00e9e par <strong><b>les a\u00e9roports en raison du trafic et des encombrements du trafic a\u00e9rien<\/b><\/strong>. La pollution sonore due au bruit excessif des avions ne doit pas non plus \u00eatre sous-estim\u00e9e. Elle est \u00e0 l\u2019origine de probl\u00e8mes de sant\u00e9 et de stress pour les personnes vivant \u00e0 proximit\u00e9, ainsi que pour les employ\u00e9s de l\u2019a\u00e9roport. Outre l\u2019alt\u00e9ration de la qualit\u00e9 de l\u2019air, les \u00e9missions de l\u2019aviation contribuent \u00e9galement au d\u00e9r\u00e8glement climatique. Avec le <strong><b>trafic a\u00e9rien commercial actuel <\/b><\/strong>enregistr\u00e9s par les espaces a\u00e9riens mondiaux, on estime que les \u00e9missions de l\u2019aviation repr\u00e9sentent 5\u00a0% des gaz contribuant au <strong><b>d\u00e9r\u00e8glement climatique anthropique<\/b><\/strong> \u00e9tant \u00e0 l\u2019origine d\u2019un r\u00e9chauffement de la plan\u00e8te d\u00fb \u00e0 l\u2019activit\u00e9 humaine. L\u2019ensemble de ces dommages fait de l\u2019aviation <strong><b>un d\u00e9fi pour la future mobilit\u00e9 a\u00e9rienne<\/b><\/strong>. Pour respecter son engagement en mati\u00e8re de d\u00e9veloppement durable, il faut atteindre des objectifs de r\u00e9duction des polluants atmosph\u00e9riques. Mais aussi r\u00e9duire de mani\u00e8re significative le bruit des avions.<\/p>\n<h2>Types de polluants pr\u00e9sents dans les a\u00e9roports<\/h2>\n<p>Le <strong><b>Bureau national de la recherche \u00e9conomique des \u00c9tats-Unis <\/b><\/strong>affirme que <a target=\"_blank\" href=\"https:\/\/www.europapress.es\/comunicados\/sociedad-00909\/noticia-comunicado-contaminacion-aeropuertos-problema-salud-publica-20180119093223.html\">les a\u00e9roports sont consid\u00e9r\u00e9s comme l\u2019une des plus grandes sources de pollution du pays<\/a>. <strong><b>Les a\u00e9roports pr\u00e9sentent un risque sanitaire grave<\/b><\/strong>\u00a0pour les personnes travaillant principalement sur leurs installations en plein air, ainsi que pour les personnes vivant \u00e0 proximit\u00e9. Les <strong><b>principales \u00e9missions affectant la qualit\u00e9 de l\u2019air dans les a\u00e9roports <\/b><\/strong>et leurs environs imm\u00e9diats proviennent du carburant Jet A1 des a\u00e9ronefs et du diesel des v\u00e9hicules utilis\u00e9s pour les services au sol, pour la manutention des bagages, l\u2019avitaillement en carburant, le nettoyage ou la s\u00e9curit\u00e9 des a\u00e9ronefs. Les <strong><b>particules ultrafines (PUF)<\/b><\/strong> sont largement r\u00e9pandues et li\u00e9es aux \u00e9missions. De minuscules particules atteignent leur concentration maximale dans les <strong><b>aires de stationnement d\u2019avions<\/b><\/strong>qui pr\u00e9sentent un <strong><b>un risque \u00e9lev\u00e9 pour la sant\u00e9 <\/b><\/strong>du personnel de maintenance qui travaille \u00e0 proximit\u00e9.<\/p>\n<h3>Que sont les particules PUF\u00a0?<\/h3>\n<p>Les particules ultrafines (PUF) font partie des polluants qui <strong><b>restent en suspension dans l\u2019air autour des avions<\/b><\/strong> en raison de leur taille nanom\u00e9trique. En raison de leur taille minuscule (moins de 100\u00a0nanom\u00e8tres), leur danger r\u00e9side dans le risque d&rsquo;absorption et d\u2019atteinte des niveaux les plus profonds des muqueuses pulmonaires. De l\u00e0, elles p\u00e9n\u00e8trent dans la circulation sanguine.<\/p>\n<div style=\"width: 610px\" class=\"wp-caption aligncenter\"><a target=\"_blank\" href=\"https:\/\/kunakair.com\/wp-content\/uploads\/2024\/01\/Aeropuertos-y-cambio-climatico-Kunak.pdf\"><img loading=\"lazy\" decoding=\"async\" src=\"https:\/\/kunakair.com\/wp-content\/uploads\/2024\/01\/Airports-Climate-Change-ESP.jpg\" alt=\"Aertec Solutions - A\u00e9roports et d\u00e9r\u00e8glement climatique - Kunak\" width=\"600\" height=\"424\" \/><\/a><p class=\"wp-caption-text\">Aertec Solutions &#8211; A\u00e9roports et d\u00e9r\u00e8glement climatique &#8211; Kunak<\/p><\/div>\n<p>&nbsp;<\/p>\n<h2>Gaz polluants \u00e9mis par les avions<\/h2>\n<p>Les <strong><b>principaux gaz \u00e9mis par les avions<\/b><\/strong>\u00a0:<\/p>\n<h3>Dioxyde de carbone (CO<sub>2<\/sub>)<\/h3>\n<p>Il s\u2019agit d\u2019un gaz inodore, incolore, l\u00e9g\u00e8rement acide et ininflammable qui, lorsqu\u2019il est pr\u00e9sent dans l\u2019atmosph\u00e8re, augmente la temp\u00e9rature de la plan\u00e8te et est la principale cause du d\u00e9r\u00e8glement climatique. Au cours des 200 derni\u00e8res ann\u00e9es, les \u00e9missions provenant des activit\u00e9s humaines sont 50% plus importantes dans l\u2019atmosph\u00e8re.<\/p>\n<h3>Oxydes d\u2019azote (NO<sub>x<\/sub>)<\/h3>\n<p>Le monoxyde et le dioxyde d\u2019azote sont des oxydes d\u2019azote pr\u00e9sents dans l\u2019air. L\u2019exposition \u00e0 une forte concentration d\u2019oxydes d\u2019azote affecte les voies respiratoires et peut m\u00eame provoquer des br\u00fblures aux yeux et \u00e0 la peau.<\/p>\n<h3>Vapeurs d\u2019eau provenant des tra\u00een\u00e9es de condensation<\/h3>\n<p>Elles sont produites lors de la combustion dans les r\u00e9acteurs d\u2019avions lorsqu\u2019ils traversent des zones d\u2019air tr\u00e8s froid. Elles se forment instantan\u00e9ment lorsque l\u2019air chaud sortant des moteurs d\u2019avion g\u00e8le et que les particules de vapeur d\u2019eau se cristallisent\u00a0 produisant une sublimation inverse). En se liant aux petites particules solides pr\u00e9sentes \u00e0 cette altitude, elles se transforment en cristaux de glace qui forment des tra\u00een\u00e9es de condensation plus ou moins longues, selon les conditions m\u00e9t\u00e9orologiques du moment. Tous ces gaz sont g\u00e9n\u00e9r\u00e9s lorsque les avions se d\u00e9placent \u00e0 leur vitesse de croisi\u00e8re et ont un impact majeur sur le<strong><b>d\u00e9r\u00e8glement climatique en contribuant \u00e0 l\u2019effet de serre<\/b><\/strong>. \u00c0 cela s\u2019ajoutent d\u2019autres polluants comme\u00a0:<\/p>\n<ul>\n<li>les hydrocarbures<\/li>\n<li>le monoxyde de carbone<\/li>\n<li>le gaz sulfureux<\/li>\n<li>la suie et les m\u00e9taux<\/li>\n<\/ul>\n<p>qui affectent la <strong><b>qualit\u00e9 de l\u2019air, en particulier \u00e0 l\u2019ext\u00e9rieur des a\u00e9roports<\/b><\/strong>.<\/p>\n<h2>Risques pour la sant\u00e9 des travailleurs\/euses dans les a\u00e9roports<\/h2>\n<p>Le <strong><b>personnel des services d\u2019assistance au sol dans les a\u00e9roports <\/b><\/strong>sont les principales victimes de la pr\u00e9sence de ces polluants qui sont pr\u00e9sents dans leur environnement de travail. L\u2019air que les travailleurs\/euses respirent lorsqu&rsquo;ils ou elles r\u00e9alisent leur travail est la <strong><b>cause directe de maladies<\/b><\/strong> qui touchent principalement le syst\u00e8me respiratoire et le syst\u00e8me cardiovasculaire.\u00a0Il provoque \u00e9galement divers troubles de la sant\u00e9 qui deviennent des pathologies chroniques. Les plus grosses particules <strong><b>(PM<sub>10<\/sub>) <\/b><\/strong>pr\u00e9sentes dans l\u2019air et qui sont ing\u00e9r\u00e9es lorsque l\u2019on respire peuvent \u00eatre \u00e9limin\u00e9es du syst\u00e8me respiratoire par des m\u00e9canismes physiologiques comme la toux, l\u2019\u00e9ternuement ou la d\u00e9glutition. Alors que les plus petites<strong><b>\u00a0particules (PM<sub>2,5<\/sub>)<\/b><\/strong>\u00a0peuvent p\u00e9n\u00e9trer dans la partie la plus interne des poumons et p\u00e9n\u00e9trer dans les voies sanguines.<\/p>\n<h2>Solutions \u00e0 la pollution a\u00e9roportuaire<\/h2>\n<p>L\u2019industrie de l\u2019aviation commerciale conna\u00eet une telle popularit\u00e9 que le <strong><b>trafic de passagers augmente de 4,7\u00a0% chaque ann\u00e9e, <\/b><\/strong>selon l\u2019Organisation de l\u2019aviation civile internationale (OACI). Le nombre de passagers a\u00e9riens (8,2 milliards) devrait <strong><b>doubler d\u2019ici 2037<\/b><\/strong>. L\u2019IATA (Association internationale du transport a\u00e9rien) affirme qu\u2019en raison de l\u2019impact environnemental du transport a\u00e9rien, des mesures urgentes sont n\u00e9cessaires pour r\u00e9duire ses \u00e9missions polluantes. En ce qui concerne les mesures visant \u00e0 <strong><b>minimiser les nuisances caus\u00e9es par le bruit des avions <\/b><\/strong> sur les populations avoisinantes et l\u2019environnement, il convient de maintenir une <a target=\"_blank\" href=\"https:\/\/www.icao.int\/Meetings\/A40\/Documents\/WP\/wp_104_es.pdf\">\u00ab\u00a0approche \u00e9quilibr\u00e9e\u00a0\u00bb<\/a>\u00a0\u00e9tablie par l\u2019OACI afin de minimiser ses effets et de rendre les infrastructures a\u00e9roportuaires compatibles avec la qualit\u00e9 de la vie et l\u2019environnement naturel.<\/p>\n<div style=\"width: 610px\" class=\"wp-caption aligncenter\"><a target=\"_blank\" href=\"https:\/\/kunakair.com\/wp-content\/uploads\/2024\/01\/Infografia-aviacion-sostenibilidad-Kunak.pdf\"><img loading=\"lazy\" decoding=\"async\" src=\"https:\/\/kunakair.com\/wp-content\/uploads\/2024\/01\/Infografia-aviones-sostenibles.jpg\" alt=\"Aertec Solutions - Infographie sur l\u2019aviation durable - Kunak\" width=\"600\" height=\"391\" \/><\/a><p class=\"wp-caption-text\">Aertec Solutions &#8211; Infographie sur l\u2019aviation durable &#8211; Kunak<\/p><\/div>\n<p>&nbsp;<\/p>\n<h3><b><\/b>Rep\u00e8res internationaux historiques<\/h3>\n<p>Le renouvellement de la flotte a\u00e9rienne est l\u2019une des mesures les plus efficaces pour r\u00e9duire la pollution due au trafic a\u00e9rien. Il suffirait de remplacer 12\u00a0% des avions existants pour r\u00e9duire consid\u00e9rablement l\u2019impact n\u00e9faste des avions sur le changement climatique et la qualit\u00e9 de l\u2019air. De m\u00eame, le <a target=\"_blank\" href=\"https:\/\/www.icao.int\/environmental-protection\/CORSIA\/Documents\/CORSIA%20Brochure\/CorsiaBrochure_SPA-Mar2019_Web.pdf\">R\u00e9gime de compensation et de r\u00e9duction de carbone pour l&rsquo;aviation internationale (CORSIA)<\/a>\u00a0est d\u00e9j\u00e0 en place, depuis 2021 sur une base volontaire et le sera sur <strong><b>une base obligatoire \u00e0 partir de 2027<\/b><\/strong>, afin de r\u00e9duire de moiti\u00e9 les \u00e9missions totales de CO<sub>2<\/sub>\u00a0caus\u00e9es par l\u2019aviation civile internationale d\u2019ici \u00e0 2030. Avec l\u2019Espagne, qui a adh\u00e9r\u00e9 par l\u2019interm\u00e9diaire de l\u2019Agence espagnole pour la s\u00e9curit\u00e9 a\u00e9rienne (AESA), <strong><b>81 \u00c9tats dans le monde<\/b><\/strong>\u00a0ont d\u00e9j\u00e0 adh\u00e9r\u00e9 au r\u00e9gime, ce qui repr\u00e9sente l\u2019engagement de 77\u00a0% du trafic a\u00e9rien.<\/p>\n<h3>Solutions Kunak pour une aviation durable<\/h3>\n<p>La <strong><b>pr\u00e9cision <\/b><\/strong>des <a target=\"_blank\" href=\"https:\/\/staging.kunakair.com\/es\/soluciones\/\">syst\u00e8mes de mesure ext\u00e9rieure de Kunak<\/a>, tant pour les gaz que pour les particules en suspension, permet de mesurer avec pr\u00e9cision la pollution dans les a\u00e9roports. De m\u00eame, il est essentiel de disposer d\u2019un r\u00e9seau p\u00e9rim\u00e9trique de capteurs de surveillance environnementale dans l\u2019environnement a\u00e9roportuaire qui fournira une vue d\u2019ensemble de l\u2019impact de l\u2019activit\u00e9 de l\u2019a\u00e9roport. Ces syst\u00e8mes permettent de mesurer avec pr\u00e9cision les principaux polluants issus de l\u2019activit\u00e9 a\u00e9roportuaire, comme\u00a0:<\/p>\n<ul>\n<li>les <a target=\"_blank\" href=\"https:\/\/staging.kunakair.com\/es\/cartuchos-inteligentes\/dioxido-de-nitrogeno\/\">oxydes d\u2019azote (NO<sub>x)<\/sub><\/a><\/li>\n<li>le <a target=\"_blank\" href=\"https:\/\/staging.kunakair.com\/es\/cartuchos-inteligentes\/dioxido-de-carbono\/\">dioxyde de carbone (CO<sub>2<\/sub>)<\/a><\/li>\n<li>le <a target=\"_blank\" href=\"https:\/\/staging.kunakair.com\/es\/cartuchos-inteligentes\/monoxido-de-carbono\/\">monoxyde de carbone (CO)<\/a><\/li>\n<li>les <a target=\"_blank\" href=\"https:\/\/staging.kunakair.com\/es\/cartuchos-inteligentes\/dioxido-de-azufre\/\">oxydes de soufre(SO<sub>x<\/sub>)<\/a><\/li>\n<li>les <a target=\"_blank\" href=\"https:\/\/staging.kunakair.com\/es\/cartuchos-inteligentes\/compuestos-organicos-volatiles\/\">hydrocarbures (compos\u00e9s organiques volatils)<\/a><\/li>\n<li><a target=\"_blank\" href=\"https:\/\/staging.kunakair.com\/es\/cartuchos-inteligentes\/particulas-en-suspension\/\">PM<sub>1<\/sub>, PM<sub>2,5<\/sub>, PM<sub>4<\/sub>, PM<sub>10<\/sub>, TSP (particules en suspension totales) et TPC (nombre total de particules)<\/a><\/li>\n<\/ul>\n<p>et d\u2019autres facteurs environnementaux\u00a0comme\u00a0:<\/p>\n<ul>\n<li>la temp\u00e9rature<\/li>\n<li>l\u2019humidit\u00e9<\/li>\n<li>la pression atmosph\u00e9rique<\/li>\n<li>le point de ros\u00e9e<\/li>\n<\/ul>\n<p>Il est \u00e9galement n\u00e9cessaire que toutes les donn\u00e9es collect\u00e9es par le r\u00e9seau de capteurs puissent \u00eatre analys\u00e9es \u00e0 l\u2019aide d\u2019outils d\u2019analyse comme le logiciel <a target=\"_blank\" href=\"https:\/\/staging.kunakair.com\/es\/software-de-medicion-calidad-del-aire\/%20\">Kunak AIR Cloud<\/a>, un programme de mesure de la qualit\u00e9 de l\u2019air qui analyse les donn\u00e9es de mani\u00e8re simple et fournit en m\u00eame temps <strong><b>des informations utiles \u00e0 la prise de d\u00e9cision<\/b><\/strong>. Gr\u00e2ce \u00e0 ce logiciel d\u2019analyse, les donn\u00e9es peuvent \u00eatre facilement visualis\u00e9es et des d\u00e9cisions \u00e9clair\u00e9es peuvent \u00eatre prises pour mettre en \u0153uvre des mesures visant \u00e0 am\u00e9liorer les conditions de qualit\u00e9 de l\u2019air que respirent les <strong><b>personnes qui travaillent, voyagent et vivent dans des environnements a\u00e9roportuaires<\/b><\/strong>. Les a\u00e9roports du monde entier ayant d\u00e9j\u00e0 travaill\u00e9 avec les syst\u00e8mes de mesure Kunak\u00a0:<\/p>\n<ul>\n<li><b><\/b><strong><b>A\u00e9roport de Zurich (Suisse)<\/b><\/strong><\/li>\n<li><b><\/b><strong><b>A\u00e9roport de Subic Bay (Philippines)<\/b><\/strong><\/li>\n<li><b><\/b><strong><b>A\u00e9roport de Hong Kong<\/b><\/strong><\/li>\n<li><b><\/b><strong><b>A\u00e9roport de Neom Bay (Arabie Saoudite) <\/b><\/strong>bient\u00f4t disponible.<\/li>\n<\/ul>\n<p>&nbsp;<\/p>\n<h2>Sources et r\u00e9f\u00e9rences<\/h2>\n<ul>\n<li><a target=\"_blank\" href=\"https:\/\/www.icao.int\/Meetings\/A40\/Documents\/WP\/wp_104_es.pdf\">Organizaci\u00f3n de Aviaci\u00f3n Civil Internacional (ICAO) &#8211; Gesti\u00f3n de los impactos ambientales en torno de los aeropuertos<\/a><\/li>\n<li><a target=\"_blank\" href=\"https:\/\/www.itfglobal.org\/sites\/default\/files\/resources-files\/airport-quality-factsheet_es.pdf\u00a0\">Federaci\u00f3n Internacional de los trabajadores del transporte &#8211; Contaminaci\u00f3n del aire en los aeropuertos<\/a><\/li>\n<li><a target=\"_blank\" href=\"https:\/\/www.transportenvironment.org\/challenges\/planes\/airplane-pollution\/\">Transport &amp; Environment &#8211; \u00bfCu\u00e1l es la contribuci\u00f3n de la aviaci\u00f3n al cambio clim\u00e1tico?<\/a><\/li>\n<li><a target=\"_blank\" href=\"https:\/\/www.hosteltur.com\/comunidad\/004632_impacto-ambiental-del-transporte-aereo.html\">Hosteltur &#8211; Impacto ambiental del transporte a\u00e9reo<\/a><\/li>\n<li><a target=\"_blank\" href=\"https:\/\/www.icao.int\/environmental-protection\/CORSIA\/Documents\/CORSIA%20Brochure\/CorsiaBrochure_SPA-Mar2019_Web.pdf\">Organizaci\u00f3n de Aviaci\u00f3n Civil Internacional (ICAO) &#8211; Plan de compensaci\u00f3n y reducci\u00f3n de carbono para la aviaci\u00f3n internacional<\/a><\/li>\n<li><a target=\"_blank\" href=\"https:\/\/www.europapress.es\/comunicados\/sociedad-00909\/noticia-comunicado-contaminacion-aeropuertos-problema-salud-publica-20180119093223.html\">EuropaPress &#8211; Contaminaci\u00f3n de aeropuertos, un problema de salud p\u00fablica<\/a><\/li>\n<li><a target=\"_blank\" href=\"https:\/\/www.nationalgeographic.es\/medio-ambiente\/2019\/11\/los-impactos-de-las-emisiones-de-la-aviacion-en-la-calidad-del-aire-son\u00a0\">National Geographic &#8211; Impactos de las emisiones de la aviaci\u00f3n en la calidad del aire<\/a><\/li>\n<\/ul>\n","protected":false},"excerpt":{"rendered":"<p>Rien n&rsquo;est \u00e9crit, mais la prochaine fois que nous atterrirons dans un a\u00e9roport, nous devrions y r\u00e9fl\u00e9chir \u00e0 deux fois avant de respirer profond\u00e9ment pour avoir r\u00e9ussi \u00e0 atterrir. L\u2019impact des \u00e9missions des\u00a0gaz et de particules dans les a\u00e9roports\u00a0contribuent \u00e0\u00a0l\u2019aggravation de la qualit\u00e9 de l\u2019air ambiant. L\u2019augmentation de la pollution locale a un impact sur [&hellip;]<\/p>\n","protected":false},"author":6,"featured_media":53194,"comment_status":"closed","ping_status":"open","sticky":false,"template":"","format":"standard","meta":{"_acf_changed":false,"_et_pb_use_builder":"","_et_pb_old_content":"","_et_gb_content_width":"","footnotes":""},"categories":[417],"tags":[],"resources":[462,466],"class_list":["post-53193","post","type-post","status-publish","format-standard","has-post-thumbnail","hentry","category-articles-fr","sector-ports-airports","resources-articles","resources-pollution-des-ports-et-aeroports"],"acf":[],"yoast_head":"<!-- This site is optimized with the Yoast SEO plugin v27.5 - https:\/\/yoast.com\/product\/yoast-seo-wordpress\/ -->\n<title>La qualit\u00e9 de l\u2019air dans les a\u00e9roports, un d\u00e9fi pour la sant\u00e9 et l\u2019environnement - Kunak<\/title>\n<meta name=\"description\" content=\"La qualit\u00e9 de l\u2019air dans les a\u00e9roports est le d\u00e9fi majeur que doit relever l\u2019aviation pour s\u2019inscrire sur la voie de la mobilit\u00e9 durable.\" \/>\n<meta name=\"robots\" content=\"index, follow, max-snippet:-1, max-image-preview:large, max-video-preview:-1\" \/>\n<link rel=\"canonical\" href=\"https:\/\/kunakair.com\/fr\/la-qualite-de-lair-dans-les-aeroports-un-defi-pour-la-sante-et-lenvironnement\/\" \/>\n<meta property=\"og:locale\" content=\"fr_FR\" \/>\n<meta property=\"og:type\" content=\"article\" \/>\n<meta property=\"og:title\" content=\"La qualit\u00e9 de l\u2019air dans les a\u00e9roports, un d\u00e9fi pour la sant\u00e9 et l\u2019environnement - Kunak\" \/>\n<meta property=\"og:description\" content=\"La qualit\u00e9 de l\u2019air dans les a\u00e9roports est le d\u00e9fi majeur que doit relever l\u2019aviation pour s\u2019inscrire sur la voie de la mobilit\u00e9 durable.\" \/>\n<meta property=\"og:url\" content=\"https:\/\/kunakair.com\/fr\/la-qualite-de-lair-dans-les-aeroports-un-defi-pour-la-sante-et-lenvironnement\/\" \/>\n<meta property=\"og:site_name\" content=\"Kunak\" \/>\n<meta property=\"article:publisher\" content=\"https:\/\/www.facebook.com\/KunakTechnologies\/\" \/>\n<meta property=\"article:author\" content=\"https:\/\/www.facebook.com\/kunakair\" \/>\n<meta property=\"article:published_time\" content=\"2024-01-25T09:07:40+00:00\" \/>\n<meta property=\"article:modified_time\" content=\"2024-08-29T12:38:39+00:00\" \/>\n<meta property=\"og:image\" content=\"https:\/\/kunakair.com\/wp-content\/uploads\/2024\/08\/calidad-del-aire-ena-aeropuertos-Kunak.jpg\" \/>\n\t<meta property=\"og:image:width\" content=\"1800\" \/>\n\t<meta property=\"og:image:height\" content=\"1200\" \/>\n\t<meta property=\"og:image:type\" content=\"image\/jpeg\" \/>\n<meta name=\"author\" content=\"Equipo de marketing y comunicaci\u00f3n\" \/>\n<meta name=\"twitter:card\" content=\"summary_large_image\" \/>\n<meta name=\"twitter:creator\" content=\"@KunaK_sensing\" \/>\n<meta name=\"twitter:site\" content=\"@KunaK_sensing\" \/>\n<meta name=\"twitter:label1\" content=\"\u00c9crit par\" \/>\n\t<meta name=\"twitter:data1\" content=\"Equipo de marketing y comunicaci\u00f3n\" \/>\n\t<meta name=\"twitter:label2\" content=\"Dur\u00e9e de lecture estim\u00e9e\" \/>\n\t<meta name=\"twitter:data2\" content=\"9 minutes\" \/>\n<!-- \/ Yoast SEO plugin. -->","yoast_head_json":{"title":"La qualit\u00e9 de l\u2019air dans les a\u00e9roports, un d\u00e9fi pour la sant\u00e9 et l\u2019environnement - Kunak","description":"La qualit\u00e9 de l\u2019air dans les a\u00e9roports est le d\u00e9fi majeur que doit relever l\u2019aviation pour s\u2019inscrire sur la voie de la mobilit\u00e9 durable.","robots":{"index":"index","follow":"follow","max-snippet":"max-snippet:-1","max-image-preview":"max-image-preview:large","max-video-preview":"max-video-preview:-1"},"canonical":"https:\/\/kunakair.com\/fr\/la-qualite-de-lair-dans-les-aeroports-un-defi-pour-la-sante-et-lenvironnement\/","og_locale":"fr_FR","og_type":"article","og_title":"La qualit\u00e9 de l\u2019air dans les a\u00e9roports, un d\u00e9fi pour la sant\u00e9 et l\u2019environnement - Kunak","og_description":"La qualit\u00e9 de l\u2019air dans les a\u00e9roports est le d\u00e9fi majeur que doit relever l\u2019aviation pour s\u2019inscrire sur la voie de la mobilit\u00e9 durable.","og_url":"https:\/\/kunakair.com\/fr\/la-qualite-de-lair-dans-les-aeroports-un-defi-pour-la-sante-et-lenvironnement\/","og_site_name":"Kunak","article_publisher":"https:\/\/www.facebook.com\/KunakTechnologies\/","article_author":"https:\/\/www.facebook.com\/kunakair","article_published_time":"2024-01-25T09:07:40+00:00","article_modified_time":"2024-08-29T12:38:39+00:00","og_image":[{"width":1800,"height":1200,"url":"https:\/\/kunakair.com\/wp-content\/uploads\/2024\/08\/calidad-del-aire-ena-aeropuertos-Kunak.jpg","type":"image\/jpeg"}],"author":"Equipo de marketing y comunicaci\u00f3n","twitter_card":"summary_large_image","twitter_creator":"@KunaK_sensing","twitter_site":"@KunaK_sensing","twitter_misc":{"\u00c9crit par":"Equipo de marketing y comunicaci\u00f3n","Dur\u00e9e de lecture estim\u00e9e":"9 minutes"},"schema":{"@context":"https:\/\/schema.org","@graph":[{"@type":"Article","@id":"https:\/\/kunakair.com\/fr\/la-qualite-de-lair-dans-les-aeroports-un-defi-pour-la-sante-et-lenvironnement\/#article","isPartOf":{"@id":"https:\/\/kunakair.com\/fr\/la-qualite-de-lair-dans-les-aeroports-un-defi-pour-la-sante-et-lenvironnement\/"},"author":{"name":"Equipo de marketing y comunicaci\u00f3n","@id":"https:\/\/kunakair.com\/fr\/#\/schema\/person\/32d5e976014d392d8b9f27bd02790a23"},"headline":"La qualit\u00e9 de l\u2019air dans les a\u00e9roports, un d\u00e9fi pour la sant\u00e9 et l\u2019environnement","datePublished":"2024-01-25T09:07:40+00:00","dateModified":"2024-08-29T12:38:39+00:00","mainEntityOfPage":{"@id":"https:\/\/kunakair.com\/fr\/la-qualite-de-lair-dans-les-aeroports-un-defi-pour-la-sante-et-lenvironnement\/"},"wordCount":1968,"publisher":{"@id":"https:\/\/kunakair.com\/fr\/#organization"},"image":{"@id":"https:\/\/kunakair.com\/fr\/la-qualite-de-lair-dans-les-aeroports-un-defi-pour-la-sante-et-lenvironnement\/#primaryimage"},"thumbnailUrl":"https:\/\/kunakair.com\/wp-content\/uploads\/2024\/08\/calidad-del-aire-ena-aeropuertos-Kunak.jpg","articleSection":["Articles"],"inLanguage":"fr-FR"},{"@type":"WebPage","@id":"https:\/\/kunakair.com\/fr\/la-qualite-de-lair-dans-les-aeroports-un-defi-pour-la-sante-et-lenvironnement\/","url":"https:\/\/kunakair.com\/fr\/la-qualite-de-lair-dans-les-aeroports-un-defi-pour-la-sante-et-lenvironnement\/","name":"La qualit\u00e9 de l\u2019air dans les a\u00e9roports, un d\u00e9fi pour la sant\u00e9 et l\u2019environnement - Kunak","isPartOf":{"@id":"https:\/\/kunakair.com\/fr\/#website"},"primaryImageOfPage":{"@id":"https:\/\/kunakair.com\/fr\/la-qualite-de-lair-dans-les-aeroports-un-defi-pour-la-sante-et-lenvironnement\/#primaryimage"},"image":{"@id":"https:\/\/kunakair.com\/fr\/la-qualite-de-lair-dans-les-aeroports-un-defi-pour-la-sante-et-lenvironnement\/#primaryimage"},"thumbnailUrl":"https:\/\/kunakair.com\/wp-content\/uploads\/2024\/08\/calidad-del-aire-ena-aeropuertos-Kunak.jpg","datePublished":"2024-01-25T09:07:40+00:00","dateModified":"2024-08-29T12:38:39+00:00","description":"La qualit\u00e9 de l\u2019air dans les a\u00e9roports est le d\u00e9fi majeur que doit relever l\u2019aviation pour s\u2019inscrire sur la voie de la mobilit\u00e9 durable.","breadcrumb":{"@id":"https:\/\/kunakair.com\/fr\/la-qualite-de-lair-dans-les-aeroports-un-defi-pour-la-sante-et-lenvironnement\/#breadcrumb"},"inLanguage":"fr-FR","potentialAction":[{"@type":"ReadAction","target":["https:\/\/kunakair.com\/fr\/la-qualite-de-lair-dans-les-aeroports-un-defi-pour-la-sante-et-lenvironnement\/"]}]},{"@type":"ImageObject","inLanguage":"fr-FR","@id":"https:\/\/kunakair.com\/fr\/la-qualite-de-lair-dans-les-aeroports-un-defi-pour-la-sante-et-lenvironnement\/#primaryimage","url":"https:\/\/kunakair.com\/wp-content\/uploads\/2024\/08\/calidad-del-aire-ena-aeropuertos-Kunak.jpg","contentUrl":"https:\/\/kunakair.com\/wp-content\/uploads\/2024\/08\/calidad-del-aire-ena-aeropuertos-Kunak.jpg","width":1800,"height":1200},{"@type":"BreadcrumbList","@id":"https:\/\/kunakair.com\/fr\/la-qualite-de-lair-dans-les-aeroports-un-defi-pour-la-sante-et-lenvironnement\/#breadcrumb","itemListElement":[{"@type":"ListItem","position":1,"name":"Home","item":"https:\/\/kunakair.com\/fr\/"},{"@type":"ListItem","position":2,"name":"La qualit\u00e9 de l\u2019air dans les a\u00e9roports, un d\u00e9fi pour la sant\u00e9 et l\u2019environnement"}]},{"@type":"WebSite","@id":"https:\/\/kunakair.com\/fr\/#website","url":"https:\/\/kunakair.com\/fr\/","name":"KUNAK","description":"Sensing anywhere","publisher":{"@id":"https:\/\/kunakair.com\/fr\/#organization"},"alternateName":"Sensing anywhere","potentialAction":[{"@type":"SearchAction","target":{"@type":"EntryPoint","urlTemplate":"https:\/\/kunakair.com\/fr\/?s={search_term_string}"},"query-input":{"@type":"PropertyValueSpecification","valueRequired":true,"valueName":"search_term_string"}}],"inLanguage":"fr-FR"},{"@type":"Organization","@id":"https:\/\/kunakair.com\/fr\/#organization","name":"KUNAK","alternateName":"Sensing anywhere","url":"https:\/\/kunakair.com\/fr\/","logo":{"@type":"ImageObject","inLanguage":"fr-FR","@id":"https:\/\/kunakair.com\/fr\/#\/schema\/logo\/image\/","url":"https:\/\/kunakair.com\/wp-content\/uploads\/2022\/09\/logo-kunak-cuadrado.jpg","contentUrl":"https:\/\/kunakair.com\/wp-content\/uploads\/2022\/09\/logo-kunak-cuadrado.jpg","width":1000,"height":1000,"caption":"KUNAK"},"image":{"@id":"https:\/\/kunakair.com\/fr\/#\/schema\/logo\/image\/"},"sameAs":["https:\/\/www.facebook.com\/KunakTechnologies\/","https:\/\/x.com\/KunaK_sensing","https:\/\/www.linkedin.com\/company\/kunak\/","https:\/\/www.instagram.com\/kunak_technologies\/","https:\/\/www.youtube.com\/channel\/UC-suigTybwCW50od_rhTZxg"]},{"@type":"Person","@id":"https:\/\/kunakair.com\/fr\/#\/schema\/person\/32d5e976014d392d8b9f27bd02790a23","name":"Equipo de marketing y comunicaci\u00f3n","sameAs":["https:\/\/www.facebook.com\/kunakair","https:\/\/www.instagram.com\/kunak_technologies\/","https:\/\/www.linkedin.com\/company\/kunak\/","https:\/\/x.com\/KunaK_sensing","https:\/\/www.youtube.com\/@kunakair"],"url":"https:\/\/kunakair.com\/fr\/author\/kunak\/"}]}},"_links":{"self":[{"href":"https:\/\/kunakair.com\/fr\/wp-json\/wp\/v2\/posts\/53193","targetHints":{"allow":["GET"]}}],"collection":[{"href":"https:\/\/kunakair.com\/fr\/wp-json\/wp\/v2\/posts"}],"about":[{"href":"https:\/\/kunakair.com\/fr\/wp-json\/wp\/v2\/types\/post"}],"author":[{"embeddable":true,"href":"https:\/\/kunakair.com\/fr\/wp-json\/wp\/v2\/users\/6"}],"replies":[{"embeddable":true,"href":"https:\/\/kunakair.com\/fr\/wp-json\/wp\/v2\/comments?post=53193"}],"version-history":[{"count":3,"href":"https:\/\/kunakair.com\/fr\/wp-json\/wp\/v2\/posts\/53193\/revisions"}],"predecessor-version":[{"id":53249,"href":"https:\/\/kunakair.com\/fr\/wp-json\/wp\/v2\/posts\/53193\/revisions\/53249"}],"wp:featuredmedia":[{"embeddable":true,"href":"https:\/\/kunakair.com\/fr\/wp-json\/wp\/v2\/media\/53194"}],"wp:attachment":[{"href":"https:\/\/kunakair.com\/fr\/wp-json\/wp\/v2\/media?parent=53193"}],"wp:term":[{"taxonomy":"category","embeddable":true,"href":"https:\/\/kunakair.com\/fr\/wp-json\/wp\/v2\/categories?post=53193"},{"taxonomy":"post_tag","embeddable":true,"href":"https:\/\/kunakair.com\/fr\/wp-json\/wp\/v2\/tags?post=53193"},{"taxonomy":"resources","embeddable":true,"href":"https:\/\/kunakair.com\/fr\/wp-json\/wp\/v2\/resources?post=53193"}],"curies":[{"name":"wp","href":"https:\/\/api.w.org\/{rel}","templated":true}]}}