{"id":53184,"date":"2020-08-07T09:30:00","date_gmt":"2020-08-07T07:30:00","guid":{"rendered":"https:\/\/kunakair.com\/la-pollution-olfactive-une-sonnette-dalarme-pour-les-problemes-environnementaux-potentiels\/"},"modified":"2025-05-20T16:16:13","modified_gmt":"2025-05-20T14:16:13","slug":"capteur-de-pollution-par-les-mauvaises-odeurs","status":"publish","type":"post","link":"https:\/\/kunakair.com\/fr\/capteurs-de-pollution-olfactive\/","title":{"rendered":"Pollution olfactive : d\u00e9finition, causes, effets et solutions"},"content":{"rendered":"<p>La <strong>pollution par les mauvaises odeurs<\/strong> est un probl\u00e8me environnemental de plus en plus pr\u00e9occupant en raison de ses effets n\u00e9gatifs sur la qualit\u00e9 de vie et la sant\u00e9 publique. Bien qu\u2019elle soit souvent per\u00e7ue comme une nuisance mineure, son impact peut \u00eatre significatif, tant pour la sant\u00e9 humaine que pour l\u2019environnement. Cet article explore en profondeur ce qu\u2019est r\u00e9ellement la pollution olfactive, ses causes les plus courantes et les moyens efficaces pour y faire face et ainsi am\u00e9liorer la qualit\u00e9 de l\u2019air que nous respirons.<\/p>\n<h2>Qu\u2019est-ce que la pollution par les mauvaises odeurs ?<\/h2>\n<p>La <strong>pollution olfactive<\/strong>, \u00e9galement appel\u00e9e <strong>pollution par les mauvaises odeurs<\/strong>, se d\u00e9finit comme la pr\u00e9sence dans l\u2019air de substances g\u00e9n\u00e9rant des odeurs d\u00e9sagr\u00e9ables, provoquant de l\u2019inconfort ou un malaise chez les personnes. Ces odeurs proviennent g\u00e9n\u00e9ralement de <strong>sources industrielles, agricoles, domestiques ou urbaines<\/strong>, et d\u00e9gradent la perception globale de la qualit\u00e9 de l\u2019environnement.<\/p>\n<p>Ce type de pollution n\u2019est pas seulement une nuisance sensorielle ; il peut d\u00e9t\u00e9riorer s\u00e9rieusement la qualit\u00e9 de l\u2019air, affectant la <strong>sant\u00e9 physique et \u00e9motionnelle<\/strong> des personnes expos\u00e9es. Des \u00e9tudes scientifiques ont montr\u00e9 qu\u2019une exposition prolong\u00e9e \u00e0 des odeurs d\u00e9sagr\u00e9ables peut accro\u00eetre les niveaux de <strong>stress<\/strong>, <strong>d\u2019anxi\u00e9t\u00e9<\/strong> et m\u00eame provoquer des <strong>probl\u00e8mes respiratoires<\/strong>, en particulier chez les populations vuln\u00e9rables telles que les enfants ou les personnes \u00e2g\u00e9es.<\/p>\n<p>Il existe \u00e9galement un lien indirect mais important avec la <strong>pollution sonore<\/strong>, car les deux types de nuisances peuvent coexister dans des zones urbaines et industrielles dens\u00e9ment peupl\u00e9es, amplifiant le <strong>stress environnemental per\u00e7u<\/strong> par les citoyens.<\/p>\n<div id=\"attachment_63184\" style=\"width: 1810px\" class=\"wp-caption aligncenter\"><img loading=\"lazy\" decoding=\"async\" aria-describedby=\"caption-attachment-63184\" class=\"wp-image-63184 size-full\" src=\"https:\/\/kunakair.com\/wp-content\/uploads\/2020\/08\/Vertedero-con-basura-maquinaria-y-aves-volando.jpg\" alt=\"D\u00e9charge avec d\u00e9chets, machines et oiseaux \u2013 source fr\u00e9quente de pollution olfactive\" width=\"1800\" height=\"1200\" srcset=\"https:\/\/kunakair.com\/wp-content\/uploads\/2020\/08\/Vertedero-con-basura-maquinaria-y-aves-volando.jpg 1800w, https:\/\/kunakair.com\/wp-content\/uploads\/2020\/08\/Vertedero-con-basura-maquinaria-y-aves-volando-1280x853.jpg 1280w, https:\/\/kunakair.com\/wp-content\/uploads\/2020\/08\/Vertedero-con-basura-maquinaria-y-aves-volando-980x653.jpg 980w, https:\/\/kunakair.com\/wp-content\/uploads\/2020\/08\/Vertedero-con-basura-maquinaria-y-aves-volando-480x320.jpg 480w\" sizes=\"(min-width: 0px) and (max-width: 480px) 480px, (min-width: 481px) and (max-width: 980px) 980px, (min-width: 981px) and (max-width: 1280px) 1280px, (min-width: 1281px) 1800px, 100vw\" \/><p id=\"caption-attachment-63184\" class=\"wp-caption-text\">Les d\u00e9charges sont une source courante de pollution olfactive<\/p><\/div>\n<h2>Principales causes de la pollution olfactive<\/h2>\n<h3>Origine industrielle et agricole<\/h3>\n<p>Les activit\u00e9s industrielles et agricoles sont parmi les principales sources de <strong>pollution olfactive<\/strong> en raison des processus chimiques et biologiques qu\u2019elles impliquent. Parmi les secteurs les plus concern\u00e9s, on retrouve :<\/p>\n<ul>\n<li><strong>Traitement des d\u00e9chets<\/strong> : les centres de gestion des d\u00e9chets solides urbains et les stations d\u2019\u00e9puration g\u00e9n\u00e8rent des odeurs fortes dues \u00e0 la d\u00e9composition organique.<\/li>\n<li><strong>\u00c9levage intensif<\/strong> : les exploitations porcines, avicoles et bovines sont des sources majeures d\u2019odeurs d\u00e9sagr\u00e9ables, notamment \u00e0 cause de gaz comme l\u2019ammoniac ou le sulfure d\u2019hydrog\u00e8ne.<\/li>\n<li><strong>Usines chimiques et p\u00e9trochimiques<\/strong> : ces installations peuvent \u00e9mettre des compos\u00e9s volatils \u00e0 l\u2019odeur p\u00e9n\u00e9trante, issus de proc\u00e9d\u00e9s chimiques sp\u00e9cifiques.<\/li>\n<\/ul>\n<p>Ces sources n\u00e9cessitent des <strong>mesures sp\u00e9cifiques de contr\u00f4le des odeurs<\/strong>, notamment gr\u00e2ce \u00e0 l\u2019utilisation de capteurs intelligents capables de <strong>d\u00e9tecter et de surveiller en temps r\u00e9el les \u00e9missions odorantes<\/strong>. Des entreprises sp\u00e9cialis\u00e9es proposent des <a href=\"https:\/\/kunakair.com\/es\/soluciones\/\" target=\"_blank\" rel=\"noopener\">solutions avanc\u00e9es<\/a> pour une gestion environnementale efficace dans les environnements industriels.<\/p>\n<h3>Pollution urbaine et domestique<\/h3>\n<p>Les activit\u00e9s quotidiennes dans les zones urbaines et les foyers contribuent \u00e9galement de mani\u00e8re significative \u00e0 la pollution olfactive. Les causes les plus fr\u00e9quentes incluent :<\/p>\n<ul>\n<li><strong>Mauvaise gestion des d\u00e9chets m\u00e9nagers<\/strong> : l\u2019accumulation ou la mauvaise \u00e9limination des ordures g\u00e9n\u00e8re des odeurs dues \u00e0 la d\u00e9composition de la mati\u00e8re organique.<\/li>\n<li><strong>R\u00e9seaux d\u2019assainissement d\u00e9fectueux<\/strong> : les eaux us\u00e9es mal g\u00e9r\u00e9es d\u00e9gagent des odeurs naus\u00e9abondes qui nuisent directement \u00e0 la qualit\u00e9 de vie urbaine.<\/li>\n<li><strong>\u00c9missions de compos\u00e9s organiques volatils (COV)<\/strong> : ces substances chimiques pr\u00e9sentes dans les peintures, solvants ou produits m\u00e9nagers s\u2019\u00e9vaporent facilement et peuvent provoquer des odeurs fortes et d\u00e9sagr\u00e9ables.<\/li>\n<\/ul>\n<p>Les <strong>compos\u00e9s organiques volatils<\/strong> (COV) ne provoquent pas seulement des odeurs g\u00eanantes ; ils peuvent aussi poser des <strong>risques pour la sant\u00e9<\/strong> lorsqu\u2019ils sont pr\u00e9sents \u00e0 des concentrations \u00e9lev\u00e9es dans des espaces ferm\u00e9s, rendant indispensable une surveillance appropri\u00e9e.<\/p>\n<p>Pour r\u00e9pondre \u00e0 ces probl\u00e9matiques domestiques et urbaines, de plus en plus de villes adoptent des <strong>technologies de surveillance continue<\/strong> via des capteurs capables <strong>d\u2019identifier pr\u00e9cis\u00e9ment l\u2019origine des odeurs<\/strong>, facilitant ainsi la mise en \u0153uvre de solutions efficaces. Kunak propose par exemple des capteurs sp\u00e9cifiques pour <a href=\"https:\/\/kunakair.com\/es\/monitor-calidad-aire\/\" target=\"_blank\" rel=\"noopener\">surveiller la pollution olfactive<\/a>, aidant les collectivit\u00e9s et les entreprises \u00e0 relever ce d\u00e9fi environnemental de mani\u00e8re intelligente et performante.<\/p>\n<h2>Effets de la pollution olfactive sur la sant\u00e9 et l\u2019environnement<\/h2>\n<h3>Cons\u00e9quences sur la sant\u00e9 humaine<\/h3>\n<p>La <strong>pollution par les mauvaises odeurs<\/strong> n\u2019est pas seulement une nuisance sensorielle, elle peut aussi avoir des impacts profonds sur la sant\u00e9 des individus. Des \u00e9tudes scientifiques r\u00e9centes r\u00e9v\u00e8lent qu\u2019une exposition prolong\u00e9e \u00e0 des odeurs d\u00e9sagr\u00e9ables peut entra\u00eener divers probl\u00e8mes de sant\u00e9, notamment :<\/p>\n<ul>\n<li><strong>Probl\u00e8mes respiratoires :<\/strong> L\u2019exposition continue \u00e0 des gaz irritants comme l\u2019ammoniac ou le sulfure d\u2019hydrog\u00e8ne, couramment associ\u00e9s \u00e0 la pollution olfactive, peut provoquer des irritations des voies respiratoires, de la toux, des bronchites et aggraver l\u2019asthme ou la BPCO (bronchopneumopathie chronique obstructive).<\/li>\n<li><strong>Stress et troubles psychologiques :<\/strong> Selon une \u00e9tude publi\u00e9e dans <i>Environmental Health Perspectives<\/i> (2022), la perception persistante d\u2019odeurs d\u00e9sagr\u00e9ables est li\u00e9e \u00e0 une augmentation du stress, de l\u2019anxi\u00e9t\u00e9 et des troubles du sommeil. Cela nuit \u00e0 la qualit\u00e9 de vie et au bien-\u00eatre \u00e9motionnel.<\/li>\n<li><strong>Diminution de la qualit\u00e9 de vie :<\/strong> L\u2019inconfort provoqu\u00e9 par la pollution olfactive nuit \u00e0 la concentration, \u00e0 la productivit\u00e9 et \u00e0 l\u2019humeur, en particulier dans les communaut\u00e9s proches de sources d\u2019odeurs intenses.<\/li>\n<\/ul>\n<p>Ces effets combin\u00e9s peuvent avoir un impact cumulatif important, rendant indispensable une <strong>gestion pr\u00e9ventive et efficace<\/strong> de la pollution olfactive pour pr\u00e9server la sant\u00e9 publique.<\/p>\n<h3>Impact environnemental<\/h3>\n<p>Au-del\u00e0 de la sant\u00e9 humaine, la pollution olfactive entra\u00eene \u00e9galement des <strong>cons\u00e9quences significatives sur les \u00e9cosyst\u00e8mes locaux<\/strong> :<\/p>\n<ul>\n<li><strong>Effets sur la faune :<\/strong> De nombreux animaux d\u00e9pendent des signaux olfactifs pour leur survie et leur comportement. Les odeurs anormales ou polluantes peuvent perturber ces processus, affectant l\u2019alimentation, la reproduction et les migrations.<\/li>\n<li><strong>D\u00e9t\u00e9rioration de la flore :<\/strong> L\u2019\u00e9mission de gaz li\u00e9s aux mauvaises odeurs, tels que l\u2019ammoniac, peut acidifier les sols et en modifier la composition chimique, nuisant \u00e0 la croissance des plantes et \u00e0 la biodiversit\u00e9 v\u00e9g\u00e9tale.<\/li>\n<li><strong>D\u00e9gradation du cadre de vie :<\/strong> Les communaut\u00e9s proches des sources polluantes constatent souvent une baisse de la qualit\u00e9 environnementale, ce qui peut entra\u00eener une perte de valeur immobili\u00e8re et un rejet social des activit\u00e9s industrielles environnantes.<\/li>\n<\/ul>\n<p>Ces effets soulignent la n\u00e9cessit\u00e9 de traiter la pollution olfactive comme un <strong>probl\u00e8me environnemental \u00e0 part enti\u00e8re<\/strong>, n\u00e9cessitant des interventions techniques et r\u00e9glementaires rigoureuses.<\/p>\n<h2>Techniques de mesure et d\u2019\u00e9valuation des mauvaises odeurs<\/h2>\n<h3>Olfactom\u00e9trie : qu\u2019est-ce que c\u2019est et comment \u00e7a fonctionne ?<\/h3>\n<p>L\u2019<strong>olfactom\u00e9trie<\/strong> est la m\u00e9thode standard internationale utilis\u00e9e pour <strong>mesurer objectivement les odeurs pr\u00e9sentes dans l\u2019air<\/strong>. Elle vise \u00e0 quantifier l\u2019intensit\u00e9, la concentration et la qualit\u00e9 de l\u2019odeur en utilisant des panels d\u2019\u00e9valuateurs humains form\u00e9s \u00e0 d\u00e9tecter certains types d\u2019odeurs sp\u00e9cifiques.<\/p>\n<ul>\n<li>La <strong>concentration olfactive<\/strong> est mesur\u00e9e en <strong>ouE\/m\u00b3 (unit\u00e9s d\u2019odeur europ\u00e9ennes par m\u00e8tre cube)<\/strong>.<\/li>\n<li>La m\u00e9thode la plus courante est l\u2019olfactom\u00e9trie dynamique, qui consiste \u00e0 diluer progressivement un \u00e9chantillon d\u2019air jusqu\u2019\u00e0 ce que le panel sensoriel ne d\u00e9tecte plus l\u2019odeur.<\/li>\n<li>Bien que cette technique soit pr\u00e9cise, elle n\u00e9cessite des laboratoires sp\u00e9cialis\u00e9s et reste co\u00fbteuse pour une surveillance continue.<\/li>\n<\/ul>\n<p>L\u2019olfactom\u00e9trie reste une r\u00e9f\u00e9rence pour les <strong>\u00e9tudes scientifiques<\/strong> et les <strong>audits environnementaux<\/strong>, jouant un r\u00f4le cl\u00e9 dans la validation de l\u2019efficacit\u00e9 des mesures de <strong>contr\u00f4le des odeurs<\/strong>.<\/p>\n<h3>Capteurs intelligents et surveillance environnementale<\/h3>\n<p>Ces derni\u00e8res ann\u00e9es, les progr\u00e8s technologiques ont permis de d\u00e9velopper des <strong>capteurs \u00e9lectroniques intelligents<\/strong> capables de <strong>d\u00e9tecter et mesurer les odeurs en temps r\u00e9el<\/strong>, facilitant ainsi une surveillance continue et automatis\u00e9e.<\/p>\n<ul>\n<li>Ces capteurs utilisent des technologies chimiques, optiques et des syst\u00e8mes d\u2019intelligence artificielle pour <strong>analyser la composition de l\u2019air<\/strong> et identifier les compos\u00e9s odorants.<\/li>\n<li>Ils permettent une <strong>d\u00e9tection imm\u00e9diate des sources de pollution<\/strong> et un suivi constant, ce qui am\u00e9liore la r\u00e9activit\u00e9 et la gestion environnementale.<\/li>\n<li>Des entreprises de pointe d\u00e9veloppent des <strong>solutions technologiques<\/strong> combinant des capteurs de haute pr\u00e9cision avec des plateformes num\u00e9riques pour visualiser les donn\u00e9es en temps r\u00e9el et faciliter la prise de d\u00e9cision.<\/li>\n<\/ul>\n<p>Cette \u00e9volution technologique marque une avanc\u00e9e majeure dans la lutte contre la pollution olfactive, en permettant aux autorit\u00e9s comme aux industries une <strong>gestion plus efficace et plus transparente<\/strong> de la qualit\u00e9 de l\u2019air.<\/p>\n<div id=\"attachment_63181\" style=\"width: 1810px\" class=\"wp-caption alignnone\"><img loading=\"lazy\" decoding=\"async\" aria-describedby=\"caption-attachment-63181\" class=\"wp-image-63181 size-full\" src=\"https:\/\/kunakair.com\/wp-content\/uploads\/2020\/08\/Tractor-aplicando-estiercol-liquido-en-campo-agricola.jpg\" alt=\"Tracteur appliquant du lisier sur un champ \u2013 une source agricole de pollution olfactive\" width=\"1800\" height=\"1200\" srcset=\"https:\/\/kunakair.com\/wp-content\/uploads\/2020\/08\/Tractor-aplicando-estiercol-liquido-en-campo-agricola.jpg 1800w, https:\/\/kunakair.com\/wp-content\/uploads\/2020\/08\/Tractor-aplicando-estiercol-liquido-en-campo-agricola-1280x853.jpg 1280w, https:\/\/kunakair.com\/wp-content\/uploads\/2020\/08\/Tractor-aplicando-estiercol-liquido-en-campo-agricola-980x653.jpg 980w, https:\/\/kunakair.com\/wp-content\/uploads\/2020\/08\/Tractor-aplicando-estiercol-liquido-en-campo-agricola-480x320.jpg 480w\" sizes=\"(min-width: 0px) and (max-width: 480px) 480px, (min-width: 481px) and (max-width: 980px) 980px, (min-width: 981px) and (max-width: 1280px) 1280px, (min-width: 1281px) 1800px, 100vw\" \/><p id=\"caption-attachment-63181\" class=\"wp-caption-text\">Les d\u00e9charges sont une source courante de pollution olfactive<\/p><\/div>\n<h2>Solutions et mesures de contr\u00f4le pour r\u00e9duire la pollution olfactive<\/h2>\n<h3>Strat\u00e9gies industrielles<\/h3>\n<p>Une att\u00e9nuation efficace des odeurs dans les environnements industriels n\u00e9cessite une combinaison de techniques et de bonnes pratiques, parmi lesquelles :<\/p>\n<ul>\n<li><strong>Traitement et filtration de l\u2019air :<\/strong> Des syst\u00e8mes tels que les biofiltres, filtres \u00e0 charbon actif et les proc\u00e9d\u00e9s d\u2019oxydation avanc\u00e9e permettent d\u2019\u00e9liminer ou de r\u00e9duire de mani\u00e8re significative les compos\u00e9s odorants avant leur \u00e9mission dans l\u2019atmosph\u00e8re.<\/li>\n<li><strong>Gestion efficace des d\u00e9chets :<\/strong> Optimiser la gestion des d\u00e9chets organiques, contr\u00f4ler la fermentation et la d\u00e9composition, et appliquer des techniques de compostage ma\u00eetris\u00e9 aident \u00e0 limiter les nuisances olfactives.<\/li>\n<li><strong>Maintenance et contr\u00f4le des proc\u00e9d\u00e9s :<\/strong> R\u00e9viser r\u00e9guli\u00e8rement les \u00e9quipements et les proc\u00e9d\u00e9s pour \u00e9viter les fuites ou \u00e9missions accidentelles est essentiel pour ma\u00eetriser la pollution olfactive.<\/li>\n<li><strong>Surveillance des gaz :<\/strong> Installer des r\u00e9seaux de capteurs p\u00e9rim\u00e9triques capables de d\u00e9tecter en temps r\u00e9el les gaz et compos\u00e9s odorants permet d\u2019identifier rapidement les \u00e9missions et d\u2019agir imm\u00e9diatement. Cette surveillance continue facilite la conformit\u00e9 r\u00e9glementaire, optimise les processus et am\u00e9liore la communication avec les communaut\u00e9s et les autorit\u00e9s. Des technologies avanc\u00e9es comme celles propos\u00e9es par Kunak int\u00e8grent des capteurs intelligents \u00e0 des plateformes num\u00e9riques pour une gestion efficace et transparente des odeurs.<\/li>\n<\/ul>\n<p>Combin\u00e9es entre elles, ces mesures constituent la base d\u2019une gestion int\u00e9gr\u00e9e et efficace des nuisances olfactives dans le secteur industriel.<\/p>\n<div style=\"text-align: center;\"><iframe loading=\"lazy\" title=\"YouTube video player\" src=\"https:\/\/www.youtube.com\/embed\/ALml-qVFzUU\" width=\"560\" height=\"315\" frameborder=\"0\" allowfullscreen=\"allowfullscreen\"><\/iframe><\/div>\n<h3>R\u00e9glementations environnementales<\/h3>\n<p>Le contr\u00f4le de la pollution olfactive repose sur des cadres r\u00e9glementaires qui fixent des limites, des proc\u00e9dures et des responsabilit\u00e9s pour les \u00e9metteurs et les autorit\u00e9s. Voici un aper\u00e7u des principales r\u00e9glementations en Europe, en Am\u00e9rique latine et aux \u00c9tats-Unis, avec des donn\u00e9es pr\u00e9cises et des liens officiels.<\/p>\n<h4>Espagne : Ordre ARM\/1783\/2013<\/h4>\n<p>En Espagne, la r\u00e9glementation des odeurs est encadr\u00e9e par l\u2019<a href=\"https:\/\/www.boe.es\/eli\/es\/o\/2013\/10\/04\/arm1783\" target=\"_blank\" rel=\"noopener\">Ordre ARM\/1783\/2013<\/a>, qui d\u00e9finit des crit\u00e8res pour l\u2019\u00e9valuation et le contr\u00f4le des \u00e9missions dans les installations industrielles et urbaines. Cette norme fixe des limites continues maximales de <strong>1 ouE\/m\u00b3 dans les zones sensibles<\/strong> et autorise des pics allant jusqu\u2019\u00e0 <strong>5 ouE\/m\u00b3 dans les zones industrielles<\/strong>. Elle <strong>oblige \u00e0 utiliser l\u2019olfactom\u00e9trie dynamique<\/strong> pour les mesures et impose aux installations d\u2019inclure un plan de gestion et de r\u00e9duction des odeurs dans leur autorisation environnementale. Plus d\u2019informations sont disponibles sur le site officiel du BOE.<\/p>\n<h4>Allemagne : TA Luft (2021)<\/h4>\n<p>L\u2019Allemagne dispose d\u2019un des cadres r\u00e9glementaires <strong>les plus stricts<\/strong> en mati\u00e8re d\u2019\u00e9missions atmosph\u00e9riques, y compris pour les odeurs, via la <a href=\"https:\/\/www.umweltbundesamt.de\/en\/topics\/air\/air-pollutants\/technical-instructions-on-air-quality\" target=\"_blank\" rel=\"noopener\">TA Luft<\/a> publi\u00e9e par l\u2019agence Umweltbundesamt. Bien que cette r\u00e9glementation ne d\u00e9finisse pas de seuils en unit\u00e9s d\u2019odeur, elle impose des limites strictes \u00e0 des gaz associ\u00e9s comme l\u2019ammoniac (limite fix\u00e9e \u00e0 5 mg\/m\u00b3). TA Luft exige \u00e9galement l\u2019installation de syst\u00e8mes de surveillance continue et des rapports r\u00e9guliers aux autorit\u00e9s, sous peine de sanctions comme des amendes ou la suspension d\u2019activit\u00e9.<\/p>\n<h4>France : Plan national de pr\u00e9vention des nuisances olfactives (PNPO)<\/h4>\n<p>La France se distingue en Europe par son approche int\u00e9gr\u00e9e via le <strong>Plan National de Pr\u00e9vention des Nuisances Olfactives (PNPO)<\/strong>, qui fixe une limite maximale de <strong>3 ouE\/m\u00b3 dans les zones urbaines sensibles<\/strong>. Cette r\u00e9glementation oblige les industries \u00e0 mettre en place des mesures de contr\u00f4le, \u00e0 effectuer des \u00e9valuations r\u00e9guli\u00e8res et \u00e0 maintenir un dialogue constant avec les communaut\u00e9s concern\u00e9es. Les \u00e9missions odorantes doivent \u00eatre int\u00e9gr\u00e9es dans les autorisations environnementales avec un plan de r\u00e9duction et de suivi. Plus d\u2019informations sont disponibles sur le site du <a href=\"https:\/\/www.ecologie.gouv.fr\/prevention-et-gestion-des-nuisances-olfactives\" target=\"_blank\" rel=\"noopener\">Minist\u00e8re de la Transition \u00c9cologique<\/a>.<\/p>\n<h4>Mexique : Normes officielles mexicaines (NOM)<\/h4>\n<p>Le Mexique encadre les \u00e9missions polluantes, y compris les compos\u00e9s odorants, via la norme <a href=\"https:\/\/www.gob.mx\/cms\/uploads\/attachment\/file\/218063\/NOM-085-SEMARNAT-2011.pdf\" target=\"_blank\" rel=\"noopener\">NOM-085-SEMARNAT-2011<\/a>. Cette r\u00e9glementation limite les <strong>COV \u00e0 un maximum de 200 mg\/m\u00b3 dans certaines industries<\/strong>. Elle impose aussi des rapports d\u2019\u00e9missions et des plans de r\u00e9duction dans les installations industrielles.<\/p>\n<h4>Br\u00e9sil : R\u00e9solution CONAMA 382\/2006<\/h4>\n<p>La r\u00e9solution <a href=\"http:\/\/www2.mma.gov.br\/port\/conama\/legiabre.cfm?codlegi=459\" target=\"_blank\" rel=\"noopener\">CONAMA 382\/2006<\/a> du Br\u00e9sil encadre la gestion environnementale et inclut les \u00e9missions d\u2019odeurs li\u00e9es aux activit\u00e9s industrielles et agricoles. Elle recommande l\u2019usage de <strong>l\u2019olfactom\u00e9trie et de la surveillance continue dans les zones critiques<\/strong>, et impose l\u2019\u00e9laboration de plans de gestion environnementale pour la r\u00e9duction des odeurs.<\/p>\n<h4>Argentine : Loi nationale sur la gestion environnementale (n\u00b0 25.675) et R\u00e9solution 177\/2020<\/h4>\n<p>En Argentine, la loi 25.675 et la r\u00e9solution 177\/2020 constituent le cadre l\u00e9gal pour la protection environnementale, incluant la <strong>r\u00e9glementation des \u00e9missions odorantes<\/strong>. La r\u00e9solution d\u00e9finit les <strong>proc\u00e9dures d\u2019\u00e9valuation d\u2019impact environnemental<\/strong> prenant en compte les odeurs et impose des <strong>\u00e9tudes sp\u00e9cifiques et des plans de r\u00e9duction<\/strong>. Plus d\u2019informations sont disponibles sur le site <a href=\"http:\/\/servicios.infoleg.gob.ar\/infolegInternet\/anexos\/60000-64999\/62622\/norma.htm\" target=\"_blank\" rel=\"noopener\">InfoLeg<\/a>.<\/p>\n<h4>\u00c9tats-Unis : R\u00e9glementations par \u00c9tat<\/h4>\n<p>Aux \u00c9tats-Unis, il n\u2019existe pas de r\u00e9glementation f\u00e9d\u00e9rale unifi\u00e9e sp\u00e9cifique aux odeurs, mais plusieurs \u00c9tats ont adopt\u00e9 leurs propres normes. La <strong>Californie<\/strong>, via le <strong>California Code of Regulations, Title 17, Section 93110<\/strong> de la <a href=\"https:\/\/ww2.arb.ca.gov\/es\" target=\"_blank\" rel=\"noopener\">California Air Resources Board<\/a>, r\u00e9glemente les \u00e9missions fugitives dans les stations d\u2019\u00e9puration, avec des <strong>limites sp\u00e9cifiques<\/strong> pour des gaz comme le <strong>sulfure d\u2019hydrog\u00e8ne (H<sub>2<\/sub>S), fix\u00e9 \u00e0 10 ppb<\/strong>. D\u2019autres \u00c9tats comme le <strong>Texas<\/strong> et la <strong>Floride<\/strong> ont \u00e9galement des r\u00e9glementations incluant des exigences en mati\u00e8re de contr\u00f4le et de d\u00e9claration des \u00e9missions odorantes. La CalEPA fournit des ressources officielles sur les r\u00e9glementations li\u00e9es aux odeurs.<\/p>\n<h3>Importance du respect des r\u00e9glementations<\/h3>\n<p>Le respect strict de ces r\u00e9glementations permet de :<\/p>\n<ul>\n<li><strong>Prot\u00e9ger la sant\u00e9 publique<\/strong> et am\u00e9liorer la qualit\u00e9 de vie.<\/li>\n<li><strong>R\u00e9duire les conflits sociaux<\/strong> et favoriser l\u2019acceptation des projets industriels ou agricoles.<\/li>\n<li><strong>\u00c9viter les sanctions \u00e9conomiques<\/strong> et les suspensions d\u2019activit\u00e9.<\/li>\n<li><strong>Encourager l\u2019innovation technologique<\/strong> \u00e0 travers des solutions de surveillance en temps r\u00e9el comme celles propos\u00e9es par Kunak.<\/li>\n<\/ul>\n<p>Ce cadre r\u00e9glementaire mondial illustre l\u2019importance croissante d\u2019aborder la <strong>pollution olfactive<\/strong> avec des strat\u00e9gies techniques et juridiques solides, adapt\u00e9es \u00e0 chaque contexte g\u00e9ographique et \u00e9conomique.<\/p>\n<table style=\"width: 100%; border-collapse: collapse; height: 303px;\">\n<tbody>\n<tr style=\"height: 23px;\">\n<td style=\"vertical-align: middle; font-weight: bold; border: 1px solid #cccccc; padding: 8px; height: 23px;\">Pays \/ \u00c9tat<\/td>\n<td style=\"vertical-align: middle; font-weight: bold; border: 1px solid #cccccc; padding: 8px; height: 23px;\">Norme \/ R\u00e9glementation<\/td>\n<td style=\"vertical-align: middle; font-weight: bold; border: 1px solid #cccccc; padding: 8px; height: 23px;\">Limites principales<\/td>\n<td style=\"vertical-align: middle; font-weight: bold; border: 1px solid #cccccc; padding: 8px; height: 23px;\">Proc\u00e9dures cl\u00e9s<\/td>\n<td style=\"vertical-align: middle; font-weight: bold; border: 1px solid #cccccc; padding: 8px; height: 23px;\">Lien officiel<\/td>\n<\/tr>\n<tr style=\"height: 47px;\">\n<td style=\"vertical-align: middle; border: 1px solid #cccccc; padding: 8px; height: 47px;\"><b>Espagne<\/b><\/td>\n<td style=\"vertical-align: middle; border: 1px solid #cccccc; padding: 8px; height: 47px;\">Ordre ARM\/1783\/2013<\/td>\n<td style=\"vertical-align: middle; border: 1px solid #cccccc; padding: 8px; height: 47px;\">1 ouE\/m\u00b3 (continu en zones sensibles), 5 ouE\/m\u00b3 (pics industriels)<\/td>\n<td style=\"vertical-align: middle; border: 1px solid #cccccc; padding: 8px; height: 47px;\">Olfactom\u00e9trie dynamique, permis environnementaux<\/td>\n<td style=\"vertical-align: middle; border: 1px solid #cccccc; padding: 8px; height: 47px;\"><a href=\"https:\/\/www.boe.es\/eli\/es\/o\/2013\/10\/04\/arm1783\" target=\"_blank\" rel=\"noopener\">BOE<\/a><\/td>\n<\/tr>\n<tr style=\"height: 23px;\">\n<td style=\"vertical-align: middle; border: 1px solid #cccccc; padding: 8px; height: 23px;\"><b>Allemagne<\/b><\/td>\n<td style=\"vertical-align: middle; border: 1px solid #cccccc; padding: 8px; height: 23px;\">TA Luft (2021)<\/td>\n<td style=\"vertical-align: middle; border: 1px solid #cccccc; padding: 8px; height: 23px;\">Pas de limite en ouE\/m\u00b3 ; ammoniaque \u2264 5 mg\/m\u00b3<\/td>\n<td style=\"vertical-align: middle; border: 1px solid #cccccc; padding: 8px; height: 23px;\">Surveillance continue, rapports r\u00e9guliers<\/td>\n<td style=\"vertical-align: middle; border: 1px solid #cccccc; padding: 8px; height: 23px;\"><a href=\"https:\/\/www.umweltbundesamt.de\/en\/topics\/air\/air-pollutants\/technical-instructions-on-air-quality\" target=\"_blank\" rel=\"noopener\">Umweltbundesamt<\/a><\/td>\n<\/tr>\n<tr style=\"height: 47px;\">\n<td style=\"vertical-align: middle; border: 1px solid #cccccc; padding: 8px; height: 47px;\"><b>France<\/b><\/td>\n<td style=\"vertical-align: middle; border: 1px solid #cccccc; padding: 8px; height: 47px;\">Plan national de pr\u00e9vention des odeurs (PNPO)<\/td>\n<td style=\"vertical-align: middle; border: 1px solid #cccccc; padding: 8px; height: 47px;\">3 ouE\/m\u00b3 en zones urbaines sensibles<\/td>\n<td style=\"vertical-align: middle; border: 1px solid #cccccc; padding: 8px; height: 47px;\">\u00c9valuation p\u00e9riodique, communication communautaire<\/td>\n<td style=\"vertical-align: middle; border: 1px solid #cccccc; padding: 8px; height: 47px;\"><a href=\"https:\/\/www.ecologie.gouv.fr\/prevention-et-gestion-des-nuisances-olfactives\" target=\"_blank\" rel=\"noopener\">Minist\u00e8re de la Transition \u00c9cologique<\/a><\/td>\n<\/tr>\n<tr style=\"height: 23px;\">\n<td style=\"vertical-align: middle; border: 1px solid #cccccc; padding: 8px; height: 23px;\"><b>Mexique<\/b><\/td>\n<td style=\"vertical-align: middle; border: 1px solid #cccccc; padding: 8px; height: 23px;\">NOM-085-SEMARNAT-2011<\/td>\n<td style=\"vertical-align: middle; border: 1px solid #cccccc; padding: 8px; height: 23px;\">COV totaux \u2264 200 mg\/m\u00b3<\/td>\n<td style=\"vertical-align: middle; border: 1px solid #cccccc; padding: 8px; height: 23px;\">Rapports et plans de mitigation<\/td>\n<td style=\"vertical-align: middle; border: 1px solid #cccccc; padding: 8px; height: 23px;\"><a href=\"https:\/\/www.gob.mx\/cms\/uploads\/attachment\/file\/218063\/NOM-085-SEMARNAT-2011.pdf\" target=\"_blank\" rel=\"noopener\">DOF<\/a><\/td>\n<\/tr>\n<tr style=\"height: 23px;\">\n<td style=\"vertical-align: middle; border: 1px solid #cccccc; padding: 8px; height: 23px;\"><b>Br\u00e9sil<\/b><\/td>\n<td style=\"vertical-align: middle; border: 1px solid #cccccc; padding: 8px; height: 23px;\">R\u00e9solution CONAMA 382\/2006<\/td>\n<td style=\"vertical-align: middle; border: 1px solid #cccccc; padding: 8px; height: 23px;\">Pas de limite sp\u00e9cifique en ouE\/m\u00b3<\/td>\n<td style=\"vertical-align: middle; border: 1px solid #cccccc; padding: 8px; height: 23px;\">Olfactom\u00e9trie et surveillance continue<\/td>\n<td style=\"vertical-align: middle; border: 1px solid #cccccc; padding: 8px; height: 23px;\"><a href=\"http:\/\/www2.mma.gov.br\/port\/conama\/legiabre.cfm?codlegi=459\" target=\"_blank\" rel=\"noopener\">CONAMA<\/a><\/td>\n<\/tr>\n<tr style=\"height: 23px;\">\n<td style=\"vertical-align: middle; border: 1px solid #cccccc; padding: 8px; height: 23px;\"><b>Argentine<\/b><\/td>\n<td style=\"vertical-align: middle; border: 1px solid #cccccc; padding: 8px; height: 23px;\">Loi 25.675 et R\u00e9solution 177\/2020<\/td>\n<td style=\"vertical-align: middle; border: 1px solid #cccccc; padding: 8px; height: 23px;\">R\u00e9gulation g\u00e9n\u00e9rale dans l\u2019\u00e9valuation d\u2019impact<\/td>\n<td style=\"vertical-align: middle; border: 1px solid #cccccc; padding: 8px; height: 23px;\">\u00c9tudes et plans de mitigation<\/td>\n<td style=\"vertical-align: middle; border: 1px solid #cccccc; padding: 8px; height: 23px;\"><a href=\"http:\/\/servicios.infoleg.gob.ar\/infolegInternet\/anexos\/60000-64999\/62622\/norma.htm\" target=\"_blank\" rel=\"noopener\">InfoLeg<\/a><\/td>\n<\/tr>\n<tr style=\"height: 47px;\">\n<td style=\"vertical-align: middle; border: 1px solid #cccccc; padding: 8px; height: 47px;\"><b>Californie, \u00c9tats-Unis<\/b><\/td>\n<td style=\"vertical-align: middle; border: 1px solid #cccccc; padding: 8px; height: 47px;\">Code de r\u00e9glementation de Californie, Titre 17, Section 93110<\/td>\n<td style=\"vertical-align: middle; border: 1px solid #cccccc; padding: 8px; height: 47px;\">Limites typiques pour H<sub>2<\/sub>S : 10 ppb<\/td>\n<td style=\"vertical-align: middle; border: 1px solid #cccccc; padding: 8px; height: 47px;\">Contr\u00f4le et surveillance des \u00e9missions fugitives<\/td>\n<td style=\"vertical-align: middle; border: 1px solid #cccccc; padding: 8px; height: 47px;\"><a href=\"https:\/\/ww2.arb.ca.gov\/resources\/documents\/odors\" target=\"_blank\" rel=\"noopener\">CalEPA<\/a><\/td>\n<\/tr>\n<tr style=\"height: 47px;\">\n<td style=\"vertical-align: middle; border: 1px solid #cccccc; padding: 8px; height: 47px;\"><b>Texas et Floride, \u00c9tats-Unis<\/b><\/td>\n<td style=\"vertical-align: middle; border: 1px solid #cccccc; padding: 8px; height: 47px;\">R\u00e9glementations sp\u00e9cifiques aux \u00c9tats<\/td>\n<td style=\"vertical-align: middle; border: 1px solid #cccccc; padding: 8px; height: 47px;\">Limites variables selon les compos\u00e9s odorants<\/td>\n<td style=\"vertical-align: middle; border: 1px solid #cccccc; padding: 8px; height: 47px;\">Rapport et contr\u00f4le dans les industries<\/td>\n<td style=\"vertical-align: middle; border: 1px solid #cccccc; padding: 8px; height: 47px;\">Plusieurs sites d\u2019\u00c9tat<\/td>\n<\/tr>\n<\/tbody>\n<\/table>\n<div id=\"attachment_63178\" style=\"width: 1810px\" class=\"wp-caption aligncenter\"><img loading=\"lazy\" decoding=\"async\" aria-describedby=\"caption-attachment-63178\" class=\"wp-image-63178 size-full\" src=\"https:\/\/kunakair.com\/wp-content\/uploads\/2020\/08\/Maquinaria-agricola-en-proceso-de-compostaje.jpg\" alt=\"Tracteur appliquant du fumier liquide, une pratique n\u00e9cessitant un contr\u00f4le des odeurs.\" width=\"1800\" height=\"1200\" srcset=\"https:\/\/kunakair.com\/wp-content\/uploads\/2020\/08\/Maquinaria-agricola-en-proceso-de-compostaje.jpg 1800w, https:\/\/kunakair.com\/wp-content\/uploads\/2020\/08\/Maquinaria-agricola-en-proceso-de-compostaje-1280x853.jpg 1280w, https:\/\/kunakair.com\/wp-content\/uploads\/2020\/08\/Maquinaria-agricola-en-proceso-de-compostaje-980x653.jpg 980w, https:\/\/kunakair.com\/wp-content\/uploads\/2020\/08\/Maquinaria-agricola-en-proceso-de-compostaje-480x320.jpg 480w\" sizes=\"(min-width: 0px) and (max-width: 480px) 480px, (min-width: 481px) and (max-width: 980px) 980px, (min-width: 981px) and (max-width: 1280px) 1280px, (min-width: 1281px) 1800px, 100vw\" \/><p id=\"caption-attachment-63178\" class=\"wp-caption-text\">L&rsquo;\u00e9pandage de lisier par un tracteur est une pratique qui n\u00e9cessite un contr\u00f4le des odeurs.<\/p><\/div>\n<h2>FAQ sur la pollution par les mauvaises odeurs<\/h2>\n<h3>Que puis-je faire si je vis pr\u00e8s d&rsquo;une source de mauvaises odeurs ?<\/h3>\n<p>Si vous habitez pr\u00e8s d\u2019une source g\u00e9n\u00e9rant des mauvaises odeurs, il est conseill\u00e9 <b>d\u2019identifier et de documenter les nuisances<\/b> afin de les signaler aux autorit\u00e9s environnementales comp\u00e9tentes. Participer \u00e0 des forums ou r\u00e9unions communautaires peut \u00e9galement aider \u00e0 promouvoir des solutions collectives. \u00c0 domicile, l\u2019utilisation de <b>purificateurs d\u2019air<\/b> peut am\u00e9liorer la qualit\u00e9 de l\u2019air int\u00e9rieur. Il existe aussi des technologies sp\u00e9cialis\u00e9es, comme celles propos\u00e9es par Kunak, qui facilitent la <b>surveillance<\/b> et la gestion efficace des odeurs au sein de la communaut\u00e9.<\/p>\n<h3>Les mauvaises odeurs sont-elles dangereuses pour la sant\u00e9 ?<\/h3>\n<p>Bien que la pr\u00e9sence de mauvaises odeurs n\u2019indique pas toujours la pr\u00e9sence de substances toxiques, une exposition fr\u00e9quente peut provoquer des irritations des yeux, du nez et des voies respiratoires, ainsi que g\u00e9n\u00e9rer du stress, de l\u2019anxi\u00e9t\u00e9 et affecter la sant\u00e9 mentale. La pollution par les mauvaises odeurs doit donc \u00eatre consid\u00e9r\u00e9e comme un <b>probl\u00e8me s\u00e9rieux<\/b> pouvant impacter n\u00e9gativement la <b>qualit\u00e9 de vie<\/b> des personnes.<\/p>\n<h3>Quelles institutions r\u00e9gulent la pollution odorante ?<\/h3>\n<p>Les institutions responsables de la r\u00e9gulation des odeurs varient selon les pays, mais comprennent g\u00e9n\u00e9ralement des <b>agences environnementales<\/b> nationales et r\u00e9gionales, des organismes locaux de contr\u00f4le et, dans certains cas, des organisations internationales comme l\u2019<b>Organisation mondiale de la sant\u00e9<\/b> (OMS). Ces entit\u00e9s \u00e9tablissent des limites, normes et proc\u00e9dures pour mesurer et contr\u00f4ler les \u00e9missions odorantes, garantissant ainsi la <b>protection de l\u2019environnement<\/b> et de la <b>sant\u00e9 publique<\/b>.<\/p>\n<h3>Comment mesure-t-on l\u2019intensit\u00e9 d\u2019une odeur ?<\/h3>\n<p>L\u2019intensit\u00e9 d\u2019une odeur est principalement mesur\u00e9e par une technique appel\u00e9e <b>olfactom\u00e9trie<\/b>, qui consiste \u00e0 \u00e9valuer la perception olfactive humaine d\u2019un \u00e9chantillon d\u2019air pollu\u00e9. Pour cela, on utilise des <b>panels compos\u00e9s d\u2019\u00e9valuateurs entra\u00een\u00e9s \u00e0 d\u00e9tecter et noter la pr\u00e9sence de l\u2019odeur \u00e0 diff\u00e9rents niveaux de dilution<\/b>. Cette m\u00e9thode permet de quantifier objectivement la concentration d\u2019odeur dans l\u2019air.<\/p>\n<p>Le r\u00e9sultat de ces mesures s\u2019exprime en <b>unit\u00e9s europ\u00e9ennes d\u2019odeur (ouE\/m\u00b3)<\/b>, qui sont une <b>mesure normalis\u00e9e<\/b> indiquant la concentration d\u2019odeur dans un m\u00e8tre cube d\u2019air. Une unit\u00e9 d\u2019odeur correspond \u00e0 la concentration minimale perceptible par 50 % de la population \u00e9valuatrice. Autrement dit, si l\u2019air contient une concentration de 1 ouE\/m\u00b3, cela signifie que la moiti\u00e9 des personnes peut d\u00e9tecter l\u2019odeur dans ce volume d\u2019air.<\/p>\n<p>Outre l\u2019olfactom\u00e9trie traditionnelle, des <b>capteurs \u00e9lectroniques<\/b> sont de plus en plus utilis\u00e9s pour d\u00e9tecter et quantifier en temps r\u00e9el les compos\u00e9s chimiques responsables des odeurs. Ces capteurs permettent une surveillance continue et fournissent des <b>donn\u00e9es pr\u00e9cises<\/b> qui compl\u00e8tent l\u2019\u00e9valuation sensorielle, facilitant ainsi une gestion plus efficace de la pollution odorante.<\/p>\n<h3>Quelles technologies existent actuellement pour r\u00e9duire les mauvaises odeurs ?<\/h3>\n<p>Plusieurs technologies permettent de r\u00e9duire les mauvaises odeurs, notamment les biofiltres, filtres \u00e0 charbon actif, et traitements chimiques ou biologiques qui neutralisent les compos\u00e9s odorants. Des capteurs intelligents sont aussi utilis\u00e9s pour la surveillance continue des odeurs, permettant une r\u00e9ponse rapide et efficace. Des entreprises comme <a target=\"_blank\" href=\"https:\/\/kunakair.com\/es\/\">Kunak Technologies<\/a> sont leaders dans le d\u00e9veloppement de solutions int\u00e9gr\u00e9es pour contr\u00f4ler et g\u00e9rer la pollution par les mauvaises odeurs.<\/p>\n<h2>Conclusions et recommandations finales<\/h2>\n<p>La <b>pollution par les mauvaises odeurs<\/b> est un probl\u00e8me environnemental complexe qui affecte la sant\u00e9 humaine, le bien-\u00eatre psychologique et l\u2019\u00e9quilibre de l\u2019environnement. Sa gestion efficace n\u00e9cessite une approche multidisciplinaire combinant technologies avanc\u00e9es, bonnes pratiques industrielles et r\u00e9glementation stricte.<\/p>\n<p>Pour progresser dans la r\u00e9duction de ce probl\u00e8me, il est recommand\u00e9 :<\/p>\n<ul>\n<li><b>Aux citoyens :<\/b> de s\u2019informer et de participer activement \u00e0 la surveillance et \u00e0 la d\u00e9nonciation des sources polluantes.<\/li>\n<li><b>Aux industries :<\/b> d\u2019impl\u00e9menter des technologies de surveillance et de traitement, tout en maintenant de bonnes pratiques de gestion des d\u00e9chets et des \u00e9missions.<\/li>\n<li><b>Aux gouvernements :<\/b> de renforcer les r\u00e9glementations, d\u2019effectuer des inspections r\u00e9guli\u00e8res et de promouvoir l\u2019utilisation de technologies innovantes comme celles propos\u00e9es par Kunak pour un contr\u00f4le efficace et transparent.<\/li>\n<\/ul>\n<p>Seul un engagement collectif permettra d\u2019am\u00e9liorer la qualit\u00e9 de l\u2019air et de prot\u00e9ger la sant\u00e9 publique, assurant ainsi des environnements plus sains et durables pour les g\u00e9n\u00e9rations futures.<\/p>\n<h3>Sources consult\u00e9es :<\/h3>\n<ul>\n<li>(1) Sucker, K., Both, R., &amp; Winneke, G. (2001). Effets ind\u00e9sirables des odeurs environnementales : revue des \u00e9tudes sur les r\u00e9ponses de g\u00eane et les rapports de sympt\u00f4mes. Water Science And Technology, 44(9), 43-51. <a href=\"https:\/\/doi.org\/10.2166\/wst.2001.0505\" target=\"_blank\" rel=\"noopener\">https:\/\/doi.org\/10.2166\/wst.2001.0505<\/a><\/li>\n<li>(2) Conti, C., Guarino, M., &amp; Bacenetti, J. (2020). Techniques de mesure et mod\u00e8les pour \u00e9valuer la g\u00eane olfactive : une revue. Environment International, 134, 105261. <a href=\"https:\/\/doi.org\/10.1016\/j.envint.2019.105261\" target=\"_blank\" rel=\"noopener\">https:\/\/doi.org\/10.1016\/j.envint.2019.105261<\/a><\/li>\n<li>(3) Suffet, I.; Braithwaite, S. (2019) Plaintes d\u2019odeurs, impacts sur la sant\u00e9 et m\u00e9thodes de surveillance (livre blanc). Universit\u00e9 de Californie, Los Angeles. Consult\u00e9 le 15\/05\/2020 sur <a href=\"https:\/\/ww2.arb.ca.gov\/sites\/default\/files\/classic\/\/research\/apr\/past\/18rd010.pdf\" target=\"_blank\" rel=\"noopener\">https:\/\/ww2.arb.ca.gov\/sites\/default\/files\/classic\/\/research\/apr\/past\/18rd010.pdf<\/a><\/li>\n<li>(4) Eusebio, L., Capelli, L., &amp; Sironi, S. (2016). Proc\u00e9dure de test du nez \u00e9lectronique pour la d\u00e9finition des exigences minimales de performance pour la surveillance environnementale des odeurs. Sensors, 16(9), 1548. <a href=\"https:\/\/doi.org\/10.3390\/s16091548\" target=\"_blank\" rel=\"noopener\">https:\/\/doi.org\/10.3390\/s16091548<\/a><\/li>\n<\/ul>\n","protected":false},"excerpt":{"rendered":"<p>Des plaintes r\u00e9currentes sont enregistr\u00e9es \u00e0 propos de mauvaises odeurs dans de nombreuses r\u00e9gions. Comment les capteurs IdO peuvent-ils r\u00e9pondre aux probl\u00e8mes d\u00e9tect\u00e9s par notre odorat\u00a0?<\/p>\n","protected":false},"author":6,"featured_media":53185,"comment_status":"closed","ping_status":"open","sticky":false,"template":"","format":"standard","meta":{"_acf_changed":false,"_et_pb_use_builder":"","_et_pb_old_content":"","_et_gb_content_width":"","footnotes":""},"categories":[417],"tags":[],"resources":[462,464],"class_list":["post-53184","post","type-post","status-publish","format-standard","has-post-thumbnail","hentry","category-articles-fr","resources-articles","resources-industrie-et-pollution-olfactive"],"acf":[],"yoast_head":"<!-- This site is optimized with the Yoast SEO plugin v27.4 - https:\/\/yoast.com\/product\/yoast-seo-wordpress\/ -->\n<title>Pollution olfactive : d\u00e9finition, causes, effets et solutions<\/title>\n<meta name=\"description\" content=\"D\u00e9couvrez la pollution olfactive, ses effets sur la sant\u00e9 et les solutions pour la contr\u00f4ler gr\u00e2ce \u00e0 la technologie et la r\u00e9glementation.\" \/>\n<meta name=\"robots\" content=\"index, follow, max-snippet:-1, max-image-preview:large, max-video-preview:-1\" \/>\n<link rel=\"canonical\" href=\"https:\/\/kunakair.com\/fr\/capteurs-de-pollution-olfactive\/\" \/>\n<meta property=\"og:locale\" content=\"fr_FR\" \/>\n<meta property=\"og:type\" content=\"article\" \/>\n<meta property=\"og:title\" content=\"Pollution olfactive : d\u00e9finition, causes, effets et solutions\" \/>\n<meta property=\"og:description\" content=\"D\u00e9couvrez la pollution olfactive, ses effets sur la sant\u00e9 et les solutions pour la contr\u00f4ler gr\u00e2ce \u00e0 la technologie et la r\u00e9glementation.\" \/>\n<meta property=\"og:url\" content=\"https:\/\/kunakair.com\/fr\/capteurs-de-pollution-olfactive\/\" \/>\n<meta property=\"og:site_name\" content=\"Kunak\" \/>\n<meta property=\"article:publisher\" content=\"https:\/\/www.facebook.com\/KunakTechnologies\/\" \/>\n<meta property=\"article:author\" content=\"https:\/\/www.facebook.com\/kunakair\" \/>\n<meta property=\"article:published_time\" content=\"2020-08-07T07:30:00+00:00\" \/>\n<meta property=\"article:modified_time\" content=\"2025-05-20T14:16:13+00:00\" \/>\n<meta property=\"og:image\" content=\"https:\/\/kunakair.com\/wp-content\/uploads\/2024\/08\/contaminacion-por-mal-olor-problemas-ambientales.jpg\" \/>\n\t<meta property=\"og:image:width\" content=\"900\" \/>\n\t<meta property=\"og:image:height\" content=\"500\" \/>\n\t<meta property=\"og:image:type\" content=\"image\/jpeg\" \/>\n<meta name=\"author\" content=\"Equipo de marketing y comunicaci\u00f3n\" \/>\n<meta name=\"twitter:card\" content=\"summary_large_image\" \/>\n<meta name=\"twitter:creator\" content=\"@KunaK_sensing\" \/>\n<meta name=\"twitter:site\" content=\"@KunaK_sensing\" \/>\n<meta name=\"twitter:label1\" content=\"\u00c9crit par\" \/>\n\t<meta name=\"twitter:data1\" content=\"Equipo de marketing y comunicaci\u00f3n\" \/>\n\t<meta name=\"twitter:label2\" content=\"Dur\u00e9e de lecture estim\u00e9e\" \/>\n\t<meta name=\"twitter:data2\" content=\"16 minutes\" \/>\n<!-- \/ Yoast SEO plugin. -->","yoast_head_json":{"title":"Pollution olfactive : d\u00e9finition, causes, effets et solutions","description":"D\u00e9couvrez la pollution olfactive, ses effets sur la sant\u00e9 et les solutions pour la contr\u00f4ler gr\u00e2ce \u00e0 la technologie et la r\u00e9glementation.","robots":{"index":"index","follow":"follow","max-snippet":"max-snippet:-1","max-image-preview":"max-image-preview:large","max-video-preview":"max-video-preview:-1"},"canonical":"https:\/\/kunakair.com\/fr\/capteurs-de-pollution-olfactive\/","og_locale":"fr_FR","og_type":"article","og_title":"Pollution olfactive : d\u00e9finition, causes, effets et solutions","og_description":"D\u00e9couvrez la pollution olfactive, ses effets sur la sant\u00e9 et les solutions pour la contr\u00f4ler gr\u00e2ce \u00e0 la technologie et la r\u00e9glementation.","og_url":"https:\/\/kunakair.com\/fr\/capteurs-de-pollution-olfactive\/","og_site_name":"Kunak","article_publisher":"https:\/\/www.facebook.com\/KunakTechnologies\/","article_author":"https:\/\/www.facebook.com\/kunakair","article_published_time":"2020-08-07T07:30:00+00:00","article_modified_time":"2025-05-20T14:16:13+00:00","og_image":[{"width":900,"height":500,"url":"https:\/\/kunakair.com\/wp-content\/uploads\/2024\/08\/contaminacion-por-mal-olor-problemas-ambientales.jpg","type":"image\/jpeg"}],"author":"Equipo de marketing y comunicaci\u00f3n","twitter_card":"summary_large_image","twitter_creator":"@KunaK_sensing","twitter_site":"@KunaK_sensing","twitter_misc":{"\u00c9crit par":"Equipo de marketing y comunicaci\u00f3n","Dur\u00e9e de lecture estim\u00e9e":"16 minutes"},"schema":{"@context":"https:\/\/schema.org","@graph":[{"@type":"Article","@id":"https:\/\/kunakair.com\/fr\/capteurs-de-pollution-olfactive\/#article","isPartOf":{"@id":"https:\/\/kunakair.com\/fr\/capteurs-de-pollution-olfactive\/"},"author":{"name":"Equipo de marketing y comunicaci\u00f3n","@id":"https:\/\/kunakair.com\/fr\/#\/schema\/person\/32d5e976014d392d8b9f27bd02790a23"},"headline":"Pollution olfactive : d\u00e9finition, causes, effets et solutions","datePublished":"2020-08-07T07:30:00+00:00","dateModified":"2025-05-20T14:16:13+00:00","mainEntityOfPage":{"@id":"https:\/\/kunakair.com\/fr\/capteurs-de-pollution-olfactive\/"},"wordCount":3652,"publisher":{"@id":"https:\/\/kunakair.com\/fr\/#organization"},"image":{"@id":"https:\/\/kunakair.com\/fr\/capteurs-de-pollution-olfactive\/#primaryimage"},"thumbnailUrl":"https:\/\/kunakair.com\/wp-content\/uploads\/2024\/08\/contaminacion-por-mal-olor-problemas-ambientales.jpg","articleSection":["Articles"],"inLanguage":"fr-FR"},{"@type":"WebPage","@id":"https:\/\/kunakair.com\/fr\/capteurs-de-pollution-olfactive\/","url":"https:\/\/kunakair.com\/fr\/capteurs-de-pollution-olfactive\/","name":"Pollution olfactive : d\u00e9finition, causes, effets et solutions","isPartOf":{"@id":"https:\/\/kunakair.com\/fr\/#website"},"primaryImageOfPage":{"@id":"https:\/\/kunakair.com\/fr\/capteurs-de-pollution-olfactive\/#primaryimage"},"image":{"@id":"https:\/\/kunakair.com\/fr\/capteurs-de-pollution-olfactive\/#primaryimage"},"thumbnailUrl":"https:\/\/kunakair.com\/wp-content\/uploads\/2024\/08\/contaminacion-por-mal-olor-problemas-ambientales.jpg","datePublished":"2020-08-07T07:30:00+00:00","dateModified":"2025-05-20T14:16:13+00:00","description":"D\u00e9couvrez la pollution olfactive, ses effets sur la sant\u00e9 et les solutions pour la contr\u00f4ler gr\u00e2ce \u00e0 la technologie et la r\u00e9glementation.","breadcrumb":{"@id":"https:\/\/kunakair.com\/fr\/capteurs-de-pollution-olfactive\/#breadcrumb"},"inLanguage":"fr-FR","potentialAction":[{"@type":"ReadAction","target":["https:\/\/kunakair.com\/fr\/capteurs-de-pollution-olfactive\/"]}]},{"@type":"ImageObject","inLanguage":"fr-FR","@id":"https:\/\/kunakair.com\/fr\/capteurs-de-pollution-olfactive\/#primaryimage","url":"https:\/\/kunakair.com\/wp-content\/uploads\/2024\/08\/contaminacion-por-mal-olor-problemas-ambientales.jpg","contentUrl":"https:\/\/kunakair.com\/wp-content\/uploads\/2024\/08\/contaminacion-por-mal-olor-problemas-ambientales.jpg","width":900,"height":500},{"@type":"BreadcrumbList","@id":"https:\/\/kunakair.com\/fr\/capteurs-de-pollution-olfactive\/#breadcrumb","itemListElement":[{"@type":"ListItem","position":1,"name":"Home","item":"https:\/\/kunakair.com\/fr\/"},{"@type":"ListItem","position":2,"name":"Pollution olfactive : d\u00e9finition, causes, effets et solutions"}]},{"@type":"WebSite","@id":"https:\/\/kunakair.com\/fr\/#website","url":"https:\/\/kunakair.com\/fr\/","name":"KUNAK","description":"Sensing anywhere","publisher":{"@id":"https:\/\/kunakair.com\/fr\/#organization"},"alternateName":"Sensing anywhere","potentialAction":[{"@type":"SearchAction","target":{"@type":"EntryPoint","urlTemplate":"https:\/\/kunakair.com\/fr\/?s={search_term_string}"},"query-input":{"@type":"PropertyValueSpecification","valueRequired":true,"valueName":"search_term_string"}}],"inLanguage":"fr-FR"},{"@type":"Organization","@id":"https:\/\/kunakair.com\/fr\/#organization","name":"KUNAK","alternateName":"Sensing anywhere","url":"https:\/\/kunakair.com\/fr\/","logo":{"@type":"ImageObject","inLanguage":"fr-FR","@id":"https:\/\/kunakair.com\/fr\/#\/schema\/logo\/image\/","url":"https:\/\/kunakair.com\/wp-content\/uploads\/2022\/09\/logo-kunak-cuadrado.jpg","contentUrl":"https:\/\/kunakair.com\/wp-content\/uploads\/2022\/09\/logo-kunak-cuadrado.jpg","width":1000,"height":1000,"caption":"KUNAK"},"image":{"@id":"https:\/\/kunakair.com\/fr\/#\/schema\/logo\/image\/"},"sameAs":["https:\/\/www.facebook.com\/KunakTechnologies\/","https:\/\/x.com\/KunaK_sensing","https:\/\/www.linkedin.com\/company\/kunak\/","https:\/\/www.instagram.com\/kunak_technologies\/","https:\/\/www.youtube.com\/channel\/UC-suigTybwCW50od_rhTZxg"]},{"@type":"Person","@id":"https:\/\/kunakair.com\/fr\/#\/schema\/person\/32d5e976014d392d8b9f27bd02790a23","name":"Equipo de marketing y comunicaci\u00f3n","sameAs":["https:\/\/www.facebook.com\/kunakair","https:\/\/www.instagram.com\/kunak_technologies\/","https:\/\/www.linkedin.com\/company\/kunak\/","https:\/\/x.com\/KunaK_sensing","https:\/\/www.youtube.com\/@kunakair"],"url":"https:\/\/kunakair.com\/fr\/author\/kunak\/"}]}},"_links":{"self":[{"href":"https:\/\/kunakair.com\/fr\/wp-json\/wp\/v2\/posts\/53184","targetHints":{"allow":["GET"]}}],"collection":[{"href":"https:\/\/kunakair.com\/fr\/wp-json\/wp\/v2\/posts"}],"about":[{"href":"https:\/\/kunakair.com\/fr\/wp-json\/wp\/v2\/types\/post"}],"author":[{"embeddable":true,"href":"https:\/\/kunakair.com\/fr\/wp-json\/wp\/v2\/users\/6"}],"replies":[{"embeddable":true,"href":"https:\/\/kunakair.com\/fr\/wp-json\/wp\/v2\/comments?post=53184"}],"version-history":[{"count":6,"href":"https:\/\/kunakair.com\/fr\/wp-json\/wp\/v2\/posts\/53184\/revisions"}],"predecessor-version":[{"id":63198,"href":"https:\/\/kunakair.com\/fr\/wp-json\/wp\/v2\/posts\/53184\/revisions\/63198"}],"wp:featuredmedia":[{"embeddable":true,"href":"https:\/\/kunakair.com\/fr\/wp-json\/wp\/v2\/media\/53185"}],"wp:attachment":[{"href":"https:\/\/kunakair.com\/fr\/wp-json\/wp\/v2\/media?parent=53184"}],"wp:term":[{"taxonomy":"category","embeddable":true,"href":"https:\/\/kunakair.com\/fr\/wp-json\/wp\/v2\/categories?post=53184"},{"taxonomy":"post_tag","embeddable":true,"href":"https:\/\/kunakair.com\/fr\/wp-json\/wp\/v2\/tags?post=53184"},{"taxonomy":"resources","embeddable":true,"href":"https:\/\/kunakair.com\/fr\/wp-json\/wp\/v2\/resources?post=53184"}],"curies":[{"name":"wp","href":"https:\/\/api.w.org\/{rel}","templated":true}]}}