{"id":7428,"date":"2020-06-22T08:07:36","date_gmt":"2020-06-22T07:07:36","guid":{"rendered":"https:\/\/kunakes.jaimezubiaur.com\/?p=7428"},"modified":"2024-06-03T14:01:37","modified_gmt":"2024-06-03T12:01:37","slug":"efectos-de-la-contaminacion-en-la-salud","status":"publish","type":"post","link":"https:\/\/kunakair.com\/es\/efectos-de-la-contaminacion-en-la-salud\/","title":{"rendered":"Efectos de la contaminaci\u00f3n atmosf\u00e9rica, cuando respirar supone un riesgo"},"content":{"rendered":"<p>El pasado 4 de junio y aprovechando la celebraci\u00f3n del D\u00eda Mundial del Medioambiente (5 de junio), la Sociedad Espa\u00f1ola de Neumolog\u00eda y Cirug\u00eda Tor\u00e1cica (SEPAR) organiz\u00f3 un webinar en el que trat\u00f3 el tema de los <strong>efectos de la contaminaci\u00f3n en la salud<\/strong>. En el seminario participaron tambi\u00e9n la Asociaci\u00f3n de Informadores de Salud (ANIS), la Asociaci\u00f3n de Periodistas de Informaci\u00f3n Ambiental (APIA) y la European Public Health Alliance (EPHA) .<\/p>\n<p>Hemos embebido la grabaci\u00f3n del webinar al final por si te interesa verlo. No obstante y teniendo en cuenta su duraci\u00f3n (2 horas), te hacemos a continuaci\u00f3n un breve resumen.<\/p>\n<h2>Emisiones y ruido, dos cuestiones que hacen peligrar la calidad del aire<\/h2>\n<p>Los efectos de la contaminaci\u00f3n en la salud llevan estudi\u00e1ndose desde hace d\u00e9cadas. A d\u00eda de hoy, existe un <strong>amplio consenso<\/strong> con respecto al perjuicio que causa.<\/p>\n<p>No obstante, el papel de\u00a0la calidad del aire en la actual crisis sanitaria<strong> es a\u00fan una inc\u00f3gnita<\/strong>. En este sentido, la Dra. Isabel Urrutia, neum\u00f3loga en el hospital de Galdakao, analiz\u00f3 algunos de los estudios preliminares de la relaci\u00f3n COVID19-calidad del aire que se han publicado. Puesto que la mayor\u00eda de ellos establecen una correlaci\u00f3n, esta especialista aboga por \u00ab<strong>tener en cuenta la calidad del aire para la prevenci\u00f3n para las epidemias<\/strong>\u00bb.<\/p>\n<p>El <strong>ruido<\/strong> como agente contaminante tambi\u00e9n fue objeto de exposici\u00f3n por parte de Julio D\u00edaz Jim\u00e9nez, del Instituto Carlos III. Aunque es uno de los grandes olvidados, sus efectos se manifiestan en m\u00faltiples patolog\u00edas, tales como hipertensi\u00f3n o enfermedades cardiovasculares. D\u00edaz Jim\u00e9nez aprovech\u00f3 la ocasi\u00f3n, igualmente, para criticar el escaso eco que tiene esta problem\u00e1tica, con una situaci\u00f3n similar a la de hace 50 a\u00f1os.<\/p>\n<h2>La visi\u00f3n de las administraciones p\u00fablicas<\/h2>\n<p>Las administraciones p\u00fablicas estuvieron representadas por el Ministerio para la Transici\u00f3n Ecol\u00f3gica y el Reto Demogr\u00e1fico, el Ministerio de Sanidad y el Ayuntamiento de Bilbao.<\/p>\n<p>Marta Mu\u00f1oz, del MITECO, se\u00f1al\u00f3 que las emisiones han descendido desde el a\u00f1o 2000. No obstante, admit\u00eda que la situaci\u00f3n sigue sin ser \u00f3ptima. As\u00ed, record\u00f3 las <strong>discrepancias entre los l\u00edmites de emisi\u00f3n<\/strong> de la OMS, m\u00e1s estrictos, y la Comisi\u00f3n Europea, m\u00e1s livianos. Se trata de una cuesti\u00f3n pendiente cuya correcci\u00f3n se ha urgido desde el Parlamento Europeo.<\/p>\n<p>Covadonga Caballo Di\u00e9guez, del Ministerio de Sanidad, recuper\u00f3 un dato que pone de manifiesto <strong>la importancia que tienen los factores ambientales sobre la salud p\u00fablica<\/strong>. De hecho, se considera que estas variables son responsables del 23 % de la mortalidad del pa\u00eds. Asimismo, reconoci\u00f3 que las mejoras en la calidad del aire derivadas del confinamiento son temporales. Es muy previsible que la contaminaci\u00f3n vuelva a los niveles anteriores a medida que se recupera la actividad habitual. Sin embargo, puso en valor las acciones que est\u00e1 acometiendo el ministerio para mejorar la calidad del aire.<\/p>\n<p>Alfonso Gil, teniente de alcalde de Bilbao, mostr\u00f3 el acierto que ha supuesto sobre la calidad del aire de la villa la adopci\u00f3n de medidas como limitar la velocidad de circulaci\u00f3n a 30 km\/h. Esta estrategia ha venido acompa\u00f1ada, igualmente, por un fomento de la bicicleta como medio de transporte p\u00fablico y la peatonalizaci\u00f3n de varias zonas de la ciudad.<\/p>\n<h2>El \u00e1mbito acad\u00e9mico y la sociedad ante el problema de la calidad del aire<\/h2>\n<p>El \u00e1mbito acad\u00e9mico estuvo representado por Juan Jose Nogueira, de la Universidad Aut\u00f3noma de Madrid.<\/p>\n<p>Este investigador abord\u00f3 el tema de la divulgaci\u00f3n cient\u00edfica, recalcando la necesidad de <strong>transmitir informaci\u00f3n clara y accesible<\/strong>. Es, sin duda, de una de las mejores formas de evitar que la poblaci\u00f3n caiga en la desinformaci\u00f3n y es una cuesti\u00f3n que en Kunak, por ejemplo, siempre hemos tenido muy claro.<\/p>\n<p>La sociedad, y en particular, las personas que sufren de forma directa los efectos de la contaminaci\u00f3n en la salud tambi\u00e9n estuvieron representados.<\/p>\n<p>As\u00ed, Mariano Pastor, que sufre una enfermedad respiratoria, relat\u00f3 su v\u00eda crucis cuando los niveles de emisi\u00f3n resultan especialmente elevados (\u00bfsab\u00edas que el confinamiento ha reducido las consultas por <a href=\"https:\/\/www.theguardian.com\/environment\/2020\/jun\/04\/cleaner-air-during-uk-lockdown-relieves-asthma-for-millions-lung-conditions-coronavirus\" target=\"_blank\" rel=\"noopener noreferrer\">ataques por asma<\/a> en pa\u00edses como Reino Unido?). Y sac\u00f3 a relucir un problema serio: los propios pacientes respiratorios <strong>no saben qu\u00e9 medidas pueden poner en pr\u00e1ctica para reducir la contaminaci\u00f3n<\/strong>, lo que podr\u00eda denotar un problema en c\u00f3mo se est\u00e1 realizando la comunicaci\u00f3n<\/p>\n<p>El seminario se cerr\u00f3 con la participaci\u00f3n de Nuria Bl\u00e1zquez, de Ecologistas en Acci\u00f3n. En su intervenci\u00f3n, Bl\u00e1zquez destac\u00f3 la <strong>relaci\u00f3n existente entre la densidad de tr\u00e1fico en las ciudades y los ingresos y consultas hospitalarias<\/strong> por temas relacionados con problemas respiratorios. Reclam\u00f3, asimismo, que los peatones deben recuperar el espacio que han perdido en las \u00faltimas d\u00e9cadas frente al autom\u00f3vil.<\/p>\n<p><iframe loading=\"lazy\" title=\"Webinar SEPAR Informativa y formativa sobre Calidad del aire y Salud\" width=\"1080\" height=\"608\" src=\"https:\/\/www.youtube.com\/embed\/YAaKtROsjPY?feature=oembed\"  allow=\"accelerometer; autoplay; clipboard-write; encrypted-media; gyroscope; picture-in-picture; web-share\" referrerpolicy=\"strict-origin-when-cross-origin\" allowfullscreen><\/iframe><\/p>\n","protected":false},"excerpt":{"rendered":"<p>Respirar es un proceso fisiol\u00f3gico imprescindible para mantenernos con vida pero, \u00bfcu\u00e1les son los efectos de la contaminaci\u00f3n en la salud? Los repasamos<\/p>\n","protected":false},"author":6,"featured_media":22204,"comment_status":"open","ping_status":"open","sticky":false,"template":"","format":"standard","meta":{"_acf_changed":false,"_et_pb_use_builder":"","_et_pb_old_content":"","_et_gb_content_width":"","footnotes":""},"categories":[164],"tags":[],"resources":[379,394],"class_list":["post-7428","post","type-post","status-publish","format-standard","has-post-thumbnail","hentry","category-articulos","resources-articulos","resources-contaminacion-y-salud"],"acf":[],"yoast_head":"<!-- This site is optimized with the Yoast SEO plugin v27.4 - https:\/\/yoast.com\/product\/yoast-seo-wordpress\/ -->\n<title>Efectos de la contaminaci\u00f3n en la salud: cuando respirar perjudica - Kunak<\/title>\n<meta name=\"description\" content=\"Respirar es un proceso fisiol\u00f3gico imprescindible para mantenernos con vida pero, \u00bfcu\u00e1les son los efectos de la contaminaci\u00f3n en la salud? Los repasamos\" \/>\n<meta name=\"robots\" content=\"index, follow, max-snippet:-1, max-image-preview:large, max-video-preview:-1\" \/>\n<link rel=\"canonical\" href=\"https:\/\/kunakair.com\/es\/efectos-de-la-contaminacion-en-la-salud\/\" \/>\n<meta property=\"og:locale\" content=\"es_ES\" \/>\n<meta property=\"og:type\" content=\"article\" \/>\n<meta property=\"og:title\" content=\"Efectos de la contaminaci\u00f3n en la salud: cuando respirar perjudica - Kunak\" \/>\n<meta property=\"og:description\" content=\"Respirar es un proceso fisiol\u00f3gico imprescindible para mantenernos con vida pero, \u00bfcu\u00e1les son los efectos de la contaminaci\u00f3n en la salud? Los repasamos\" \/>\n<meta property=\"og:url\" content=\"https:\/\/kunakair.com\/es\/efectos-de-la-contaminacion-en-la-salud\/\" \/>\n<meta property=\"og:site_name\" content=\"Kunak\" \/>\n<meta property=\"article:publisher\" content=\"https:\/\/www.facebook.com\/KunakTechnologies\/\" \/>\n<meta property=\"article:author\" content=\"https:\/\/www.facebook.com\/kunakair\" \/>\n<meta property=\"article:published_time\" content=\"2020-06-22T07:07:36+00:00\" \/>\n<meta property=\"article:modified_time\" content=\"2024-06-03T12:01:37+00:00\" \/>\n<meta property=\"og:image\" content=\"https:\/\/kunakair.com\/wp-content\/uploads\/2020\/06\/detectores-de-emisiones-coronavirus-contaminacion.jpg\" \/>\n\t<meta property=\"og:image:width\" content=\"1200\" \/>\n\t<meta property=\"og:image:height\" content=\"675\" \/>\n\t<meta property=\"og:image:type\" content=\"image\/jpeg\" \/>\n<meta name=\"author\" content=\"Equipo de marketing y comunicaci\u00f3n\" \/>\n<meta name=\"twitter:card\" content=\"summary_large_image\" \/>\n<meta name=\"twitter:creator\" content=\"@KunaK_sensing\" \/>\n<meta name=\"twitter:site\" content=\"@KunaK_sensing\" \/>\n<meta name=\"twitter:label1\" content=\"Escrito por\" \/>\n\t<meta name=\"twitter:data1\" content=\"Equipo de marketing y comunicaci\u00f3n\" \/>\n\t<meta name=\"twitter:label2\" content=\"Tiempo de lectura\" \/>\n\t<meta name=\"twitter:data2\" content=\"4 minutos\" \/>\n<!-- \/ Yoast SEO plugin. -->","yoast_head_json":{"title":"Efectos de la contaminaci\u00f3n en la salud: cuando respirar perjudica - Kunak","description":"Respirar es un proceso fisiol\u00f3gico imprescindible para mantenernos con vida pero, \u00bfcu\u00e1les son los efectos de la contaminaci\u00f3n en la salud? Los repasamos","robots":{"index":"index","follow":"follow","max-snippet":"max-snippet:-1","max-image-preview":"max-image-preview:large","max-video-preview":"max-video-preview:-1"},"canonical":"https:\/\/kunakair.com\/es\/efectos-de-la-contaminacion-en-la-salud\/","og_locale":"es_ES","og_type":"article","og_title":"Efectos de la contaminaci\u00f3n en la salud: cuando respirar perjudica - Kunak","og_description":"Respirar es un proceso fisiol\u00f3gico imprescindible para mantenernos con vida pero, \u00bfcu\u00e1les son los efectos de la contaminaci\u00f3n en la salud? Los repasamos","og_url":"https:\/\/kunakair.com\/es\/efectos-de-la-contaminacion-en-la-salud\/","og_site_name":"Kunak","article_publisher":"https:\/\/www.facebook.com\/KunakTechnologies\/","article_author":"https:\/\/www.facebook.com\/kunakair","article_published_time":"2020-06-22T07:07:36+00:00","article_modified_time":"2024-06-03T12:01:37+00:00","og_image":[{"width":1200,"height":675,"url":"https:\/\/kunakair.com\/wp-content\/uploads\/2020\/06\/detectores-de-emisiones-coronavirus-contaminacion.jpg","type":"image\/jpeg"}],"author":"Equipo de marketing y comunicaci\u00f3n","twitter_card":"summary_large_image","twitter_creator":"@KunaK_sensing","twitter_site":"@KunaK_sensing","twitter_misc":{"Escrito por":"Equipo de marketing y comunicaci\u00f3n","Tiempo de lectura":"4 minutos"},"schema":{"@context":"https:\/\/schema.org","@graph":[{"@type":"Article","@id":"https:\/\/kunakair.com\/es\/efectos-de-la-contaminacion-en-la-salud\/#article","isPartOf":{"@id":"https:\/\/kunakair.com\/es\/efectos-de-la-contaminacion-en-la-salud\/"},"author":{"name":"Equipo de marketing y comunicaci\u00f3n","@id":"https:\/\/kunakair.com\/es\/#\/schema\/person\/32d5e976014d392d8b9f27bd02790a23"},"headline":"Efectos de la contaminaci\u00f3n atmosf\u00e9rica, cuando respirar supone un riesgo","datePublished":"2020-06-22T07:07:36+00:00","dateModified":"2024-06-03T12:01:37+00:00","mainEntityOfPage":{"@id":"https:\/\/kunakair.com\/es\/efectos-de-la-contaminacion-en-la-salud\/"},"wordCount":862,"commentCount":0,"publisher":{"@id":"https:\/\/kunakair.com\/es\/#organization"},"image":{"@id":"https:\/\/kunakair.com\/es\/efectos-de-la-contaminacion-en-la-salud\/#primaryimage"},"thumbnailUrl":"https:\/\/kunakair.com\/wp-content\/uploads\/2020\/06\/detectores-de-emisiones-coronavirus-contaminacion.jpg","articleSection":["Art\u00edculos"],"inLanguage":"es","potentialAction":[{"@type":"CommentAction","name":"Comment","target":["https:\/\/kunakair.com\/es\/efectos-de-la-contaminacion-en-la-salud\/#respond"]}]},{"@type":"WebPage","@id":"https:\/\/kunakair.com\/es\/efectos-de-la-contaminacion-en-la-salud\/","url":"https:\/\/kunakair.com\/es\/efectos-de-la-contaminacion-en-la-salud\/","name":"Efectos de la contaminaci\u00f3n en la salud: cuando respirar perjudica - Kunak","isPartOf":{"@id":"https:\/\/kunakair.com\/es\/#website"},"primaryImageOfPage":{"@id":"https:\/\/kunakair.com\/es\/efectos-de-la-contaminacion-en-la-salud\/#primaryimage"},"image":{"@id":"https:\/\/kunakair.com\/es\/efectos-de-la-contaminacion-en-la-salud\/#primaryimage"},"thumbnailUrl":"https:\/\/kunakair.com\/wp-content\/uploads\/2020\/06\/detectores-de-emisiones-coronavirus-contaminacion.jpg","datePublished":"2020-06-22T07:07:36+00:00","dateModified":"2024-06-03T12:01:37+00:00","description":"Respirar es un proceso fisiol\u00f3gico imprescindible para mantenernos con vida pero, \u00bfcu\u00e1les son los efectos de la contaminaci\u00f3n en la salud? Los repasamos","breadcrumb":{"@id":"https:\/\/kunakair.com\/es\/efectos-de-la-contaminacion-en-la-salud\/#breadcrumb"},"inLanguage":"es","potentialAction":[{"@type":"ReadAction","target":["https:\/\/kunakair.com\/es\/efectos-de-la-contaminacion-en-la-salud\/"]}]},{"@type":"ImageObject","inLanguage":"es","@id":"https:\/\/kunakair.com\/es\/efectos-de-la-contaminacion-en-la-salud\/#primaryimage","url":"https:\/\/kunakair.com\/wp-content\/uploads\/2020\/06\/detectores-de-emisiones-coronavirus-contaminacion.jpg","contentUrl":"https:\/\/kunakair.com\/wp-content\/uploads\/2020\/06\/detectores-de-emisiones-coronavirus-contaminacion.jpg","width":1200,"height":675},{"@type":"BreadcrumbList","@id":"https:\/\/kunakair.com\/es\/efectos-de-la-contaminacion-en-la-salud\/#breadcrumb","itemListElement":[{"@type":"ListItem","position":1,"name":"Home","item":"https:\/\/kunakair.com\/es\/"},{"@type":"ListItem","position":2,"name":"Efectos de la contaminaci\u00f3n atmosf\u00e9rica, cuando respirar supone un riesgo"}]},{"@type":"WebSite","@id":"https:\/\/kunakair.com\/es\/#website","url":"https:\/\/kunakair.com\/es\/","name":"KUNAK","description":"Sensing anywhere","publisher":{"@id":"https:\/\/kunakair.com\/es\/#organization"},"alternateName":"Sensing anywhere","potentialAction":[{"@type":"SearchAction","target":{"@type":"EntryPoint","urlTemplate":"https:\/\/kunakair.com\/es\/?s={search_term_string}"},"query-input":{"@type":"PropertyValueSpecification","valueRequired":true,"valueName":"search_term_string"}}],"inLanguage":"es"},{"@type":"Organization","@id":"https:\/\/kunakair.com\/es\/#organization","name":"KUNAK","alternateName":"Sensing anywhere","url":"https:\/\/kunakair.com\/es\/","logo":{"@type":"ImageObject","inLanguage":"es","@id":"https:\/\/kunakair.com\/es\/#\/schema\/logo\/image\/","url":"https:\/\/kunakair.com\/wp-content\/uploads\/2022\/09\/logo-kunak-cuadrado.jpg","contentUrl":"https:\/\/kunakair.com\/wp-content\/uploads\/2022\/09\/logo-kunak-cuadrado.jpg","width":1000,"height":1000,"caption":"KUNAK"},"image":{"@id":"https:\/\/kunakair.com\/es\/#\/schema\/logo\/image\/"},"sameAs":["https:\/\/www.facebook.com\/KunakTechnologies\/","https:\/\/x.com\/KunaK_sensing","https:\/\/www.linkedin.com\/company\/kunak\/","https:\/\/www.instagram.com\/kunak_technologies\/","https:\/\/www.youtube.com\/channel\/UC-suigTybwCW50od_rhTZxg"]},{"@type":"Person","@id":"https:\/\/kunakair.com\/es\/#\/schema\/person\/32d5e976014d392d8b9f27bd02790a23","name":"Equipo de marketing y comunicaci\u00f3n","sameAs":["https:\/\/www.facebook.com\/kunakair","https:\/\/www.instagram.com\/kunak_technologies\/","https:\/\/www.linkedin.com\/company\/kunak\/","https:\/\/x.com\/KunaK_sensing","https:\/\/www.youtube.com\/@kunakair"],"url":"https:\/\/kunakair.com\/es\/author\/kunak\/"}]}},"_links":{"self":[{"href":"https:\/\/kunakair.com\/es\/wp-json\/wp\/v2\/posts\/7428","targetHints":{"allow":["GET"]}}],"collection":[{"href":"https:\/\/kunakair.com\/es\/wp-json\/wp\/v2\/posts"}],"about":[{"href":"https:\/\/kunakair.com\/es\/wp-json\/wp\/v2\/types\/post"}],"author":[{"embeddable":true,"href":"https:\/\/kunakair.com\/es\/wp-json\/wp\/v2\/users\/6"}],"replies":[{"embeddable":true,"href":"https:\/\/kunakair.com\/es\/wp-json\/wp\/v2\/comments?post=7428"}],"version-history":[{"count":3,"href":"https:\/\/kunakair.com\/es\/wp-json\/wp\/v2\/posts\/7428\/revisions"}],"predecessor-version":[{"id":51919,"href":"https:\/\/kunakair.com\/es\/wp-json\/wp\/v2\/posts\/7428\/revisions\/51919"}],"wp:featuredmedia":[{"embeddable":true,"href":"https:\/\/kunakair.com\/es\/wp-json\/wp\/v2\/media\/22204"}],"wp:attachment":[{"href":"https:\/\/kunakair.com\/es\/wp-json\/wp\/v2\/media?parent=7428"}],"wp:term":[{"taxonomy":"category","embeddable":true,"href":"https:\/\/kunakair.com\/es\/wp-json\/wp\/v2\/categories?post=7428"},{"taxonomy":"post_tag","embeddable":true,"href":"https:\/\/kunakair.com\/es\/wp-json\/wp\/v2\/tags?post=7428"},{"taxonomy":"resources","embeddable":true,"href":"https:\/\/kunakair.com\/es\/wp-json\/wp\/v2\/resources?post=7428"}],"curies":[{"name":"wp","href":"https:\/\/api.w.org\/{rel}","templated":true}]}}