{"id":62239,"date":"2025-03-19T12:41:48","date_gmt":"2025-03-19T10:41:48","guid":{"rendered":"https:\/\/kunakair.com\/webinar-air-quality-in-europe\/"},"modified":"2025-03-19T12:48:32","modified_gmt":"2025-03-19T10:48:32","slug":"webinar-air-quality-in-europe","status":"publish","type":"post","link":"https:\/\/kunakair.com\/es\/webinar-calidad-del-aire-en-europa\/","title":{"rendered":"La calidad del aire urbano, bajo la lupa: webinar gratuito sobre contaminaci\u00f3n en las ciudades"},"content":{"rendered":"<p><strong>La contaminaci\u00f3n del aire sigue siendo uno de los desaf\u00edos urbanos m\u00e1s urgentes en Europa<\/strong>, con un impacto directo en la salud p\u00fablica, los objetivos de sostenibilidad y la resiliencia clim\u00e1tica. Pero, \u00bfy si pudi\u00e9ramos medir los contaminantes con m\u00e1s precisi\u00f3n que nunca?<\/p>\n<p>El <strong>pr\u00f3ximo 2 de abril a las 10:30 (CEST)<\/strong>, la empresa espa\u00f1ola <strong>Kunak Technologies<\/strong>, l\u00edder mundial en monitorizaci\u00f3n inteligente de la calidad del aire, organiza un webinar gratuito en ingl\u00e9s en el que <strong>Ainhoa Garay, responsable de ventas en Europa<\/strong>, mostrar\u00e1 c\u00f3mo la medici\u00f3n en tiempo real est\u00e1 revolucionando la planificaci\u00f3n urbana y las estrategias ambientales en las ciudades.<\/p>\n<h3>\u00bfQu\u00e9 aprender\u00e1s?<\/h3>\n<ul>\n<li>\u2705 Tecnolog\u00eda de sensores de \u00faltima generaci\u00f3n para una detecci\u00f3n precisa de contaminantes<\/li>\n<li>\u2705 Casos reales de despliegue en entornos urbanos<\/li>\n<li>\u2705 C\u00f3mo utilizar los datos para construir ciudades m\u00e1s saludables e inteligentes<\/li>\n<\/ul>\n<p>Bajo el t\u00edtulo <strong>\u00abEl futuro de la vida urbana: calidad del aire en Europa\u00bb<\/strong>, esta sesi\u00f3n online mostrar\u00e1 los beneficios de combinar los m\u00e9todos tradicionales de monitorizaci\u00f3n ambiental con nuevas tecnolog\u00edas basadas en sensores, capaces de ofrecer datos fiables en tiempo real.<\/p>\n<p>El webinar est\u00e1 dirigido a <strong>responsables medioambientales municipales, urbanistas, investigadores y profesionales del \u00e1mbito de la sostenibilidad, la innovaci\u00f3n o las infraestructuras inteligentes<\/strong>. Obtendr\u00e1s herramientas pr\u00e1cticas y nuevas perspectivas para afrontar el reto de la calidad del aire urbano desde un enfoque innovador.<\/p>\n<p style=\"padding-left: 40px;\">\ud83d\uddd3\ufe0f <strong>Fecha:<\/strong> 2 de abril<br \/>\n\u23f0 <strong>Hora:<\/strong> 10:30 (CEST)<br \/>\n\ud83d\udcbb <strong>Formato:<\/strong> Online<br \/>\n\ud83c\udf9f\ufe0f <strong>Registro gratuito<\/strong> (plazas limitadas)<br \/>\n\ud83d\udc49 <a target=\"_blank\" href=\"https:\/\/landing.kunakair.com\/webinar-urban-air-quality-marzo-2025-en\/\"><strong>Reg\u00edstrate aqu\u00ed<\/strong><\/a><\/p>\n","protected":false},"excerpt":{"rendered":"<p>La contaminaci\u00f3n del aire sigue siendo uno de los desaf\u00edos urbanos m\u00e1s urgentes en Europa, con un impacto directo en la salud p\u00fablica, los objetivos de sostenibilidad y la resiliencia clim\u00e1tica. Pero, \u00bfy si pudi\u00e9ramos medir los contaminantes con m\u00e1s precisi\u00f3n que nunca? El pr\u00f3ximo 2 de abril a las 10:30 (CEST), la empresa espa\u00f1ola [&hellip;]<\/p>\n","protected":false},"author":6,"featured_media":62235,"comment_status":"closed","ping_status":"closed","sticky":false,"template":"","format":"standard","meta":{"_acf_changed":false,"_et_pb_use_builder":"","_et_pb_old_content":"","_et_gb_content_width":"","footnotes":""},"categories":[165],"tags":[],"resources":[],"class_list":["post-62239","post","type-post","status-publish","format-standard","has-post-thumbnail","hentry","category-eventos"],"acf":[],"yoast_head":"<!-- This site is optimized with the Yoast SEO plugin v27.5 - https:\/\/yoast.com\/product\/yoast-seo-wordpress\/ -->\n<title>La calidad del aire urbano, bajo la lupa: webinar gratuito sobre contaminaci\u00f3n en las ciudades - Kunak<\/title>\n<meta name=\"robots\" content=\"index, follow, max-snippet:-1, max-image-preview:large, max-video-preview:-1\" \/>\n<link rel=\"canonical\" href=\"https:\/\/kunakair.com\/es\/webinar-calidad-del-aire-en-europa\/\" \/>\n<meta property=\"og:locale\" content=\"es_ES\" \/>\n<meta property=\"og:type\" content=\"article\" \/>\n<meta property=\"og:title\" content=\"La calidad del aire urbano, bajo la lupa: webinar gratuito sobre contaminaci\u00f3n en las ciudades - Kunak\" \/>\n<meta property=\"og:description\" content=\"La contaminaci\u00f3n del aire sigue siendo uno de los desaf\u00edos urbanos m\u00e1s urgentes en Europa, con un impacto directo en la salud p\u00fablica, los objetivos de sostenibilidad y la resiliencia clim\u00e1tica. Pero, \u00bfy si pudi\u00e9ramos medir los contaminantes con m\u00e1s precisi\u00f3n que nunca? El pr\u00f3ximo 2 de abril a las 10:30 (CEST), la empresa espa\u00f1ola [&hellip;]\" \/>\n<meta property=\"og:url\" content=\"https:\/\/kunakair.com\/es\/webinar-calidad-del-aire-en-europa\/\" \/>\n<meta property=\"og:site_name\" content=\"Kunak\" \/>\n<meta property=\"article:publisher\" content=\"https:\/\/www.facebook.com\/KunakTechnologies\/\" \/>\n<meta property=\"article:author\" content=\"https:\/\/www.facebook.com\/kunakair\" \/>\n<meta property=\"article:published_time\" content=\"2025-03-19T10:41:48+00:00\" \/>\n<meta property=\"article:modified_time\" content=\"2025-03-19T10:48:32+00:00\" \/>\n<meta property=\"og:image\" content=\"https:\/\/kunakair.com\/wp-content\/uploads\/2025\/03\/webinar-air-quality-in-europe.jpg\" \/>\n\t<meta property=\"og:image:width\" content=\"1800\" \/>\n\t<meta property=\"og:image:height\" content=\"1200\" \/>\n\t<meta property=\"og:image:type\" content=\"image\/jpeg\" \/>\n<meta name=\"author\" content=\"Equipo de marketing y comunicaci\u00f3n\" \/>\n<meta name=\"twitter:card\" content=\"summary_large_image\" \/>\n<meta name=\"twitter:creator\" content=\"@KunaK_sensing\" \/>\n<meta name=\"twitter:site\" content=\"@KunaK_sensing\" \/>\n<meta name=\"twitter:label1\" content=\"Escrito por\" \/>\n\t<meta name=\"twitter:data1\" content=\"Equipo de marketing y comunicaci\u00f3n\" \/>\n\t<meta name=\"twitter:label2\" content=\"Tiempo de lectura\" \/>\n\t<meta name=\"twitter:data2\" content=\"2 minutos\" \/>\n<!-- \/ Yoast SEO plugin. -->","yoast_head_json":{"title":"La calidad del aire urbano, bajo la lupa: webinar gratuito sobre contaminaci\u00f3n en las ciudades - Kunak","robots":{"index":"index","follow":"follow","max-snippet":"max-snippet:-1","max-image-preview":"max-image-preview:large","max-video-preview":"max-video-preview:-1"},"canonical":"https:\/\/kunakair.com\/es\/webinar-calidad-del-aire-en-europa\/","og_locale":"es_ES","og_type":"article","og_title":"La calidad del aire urbano, bajo la lupa: webinar gratuito sobre contaminaci\u00f3n en las ciudades - Kunak","og_description":"La contaminaci\u00f3n del aire sigue siendo uno de los desaf\u00edos urbanos m\u00e1s urgentes en Europa, con un impacto directo en la salud p\u00fablica, los objetivos de sostenibilidad y la resiliencia clim\u00e1tica. Pero, \u00bfy si pudi\u00e9ramos medir los contaminantes con m\u00e1s precisi\u00f3n que nunca? El pr\u00f3ximo 2 de abril a las 10:30 (CEST), la empresa espa\u00f1ola [&hellip;]","og_url":"https:\/\/kunakair.com\/es\/webinar-calidad-del-aire-en-europa\/","og_site_name":"Kunak","article_publisher":"https:\/\/www.facebook.com\/KunakTechnologies\/","article_author":"https:\/\/www.facebook.com\/kunakair","article_published_time":"2025-03-19T10:41:48+00:00","article_modified_time":"2025-03-19T10:48:32+00:00","og_image":[{"width":1800,"height":1200,"url":"https:\/\/kunakair.com\/wp-content\/uploads\/2025\/03\/webinar-air-quality-in-europe.jpg","type":"image\/jpeg"}],"author":"Equipo de marketing y comunicaci\u00f3n","twitter_card":"summary_large_image","twitter_creator":"@KunaK_sensing","twitter_site":"@KunaK_sensing","twitter_misc":{"Escrito por":"Equipo de marketing y comunicaci\u00f3n","Tiempo de lectura":"2 minutos"},"schema":{"@context":"https:\/\/schema.org","@graph":[{"@type":"Article","@id":"https:\/\/kunakair.com\/es\/webinar-calidad-del-aire-en-europa\/#article","isPartOf":{"@id":"https:\/\/kunakair.com\/es\/webinar-calidad-del-aire-en-europa\/"},"author":{"name":"Equipo de marketing y comunicaci\u00f3n","@id":"https:\/\/kunakair.com\/es\/#\/schema\/person\/32d5e976014d392d8b9f27bd02790a23"},"headline":"La calidad del aire urbano, bajo la lupa: webinar gratuito sobre contaminaci\u00f3n en las ciudades","datePublished":"2025-03-19T10:41:48+00:00","dateModified":"2025-03-19T10:48:32+00:00","mainEntityOfPage":{"@id":"https:\/\/kunakair.com\/es\/webinar-calidad-del-aire-en-europa\/"},"wordCount":277,"publisher":{"@id":"https:\/\/kunakair.com\/es\/#organization"},"image":{"@id":"https:\/\/kunakair.com\/es\/webinar-calidad-del-aire-en-europa\/#primaryimage"},"thumbnailUrl":"https:\/\/kunakair.com\/wp-content\/uploads\/2025\/03\/webinar-air-quality-in-europe.jpg","articleSection":["Eventos"],"inLanguage":"es"},{"@type":"WebPage","@id":"https:\/\/kunakair.com\/es\/webinar-calidad-del-aire-en-europa\/","url":"https:\/\/kunakair.com\/es\/webinar-calidad-del-aire-en-europa\/","name":"La calidad del aire urbano, bajo la lupa: webinar gratuito sobre contaminaci\u00f3n en las ciudades - Kunak","isPartOf":{"@id":"https:\/\/kunakair.com\/es\/#website"},"primaryImageOfPage":{"@id":"https:\/\/kunakair.com\/es\/webinar-calidad-del-aire-en-europa\/#primaryimage"},"image":{"@id":"https:\/\/kunakair.com\/es\/webinar-calidad-del-aire-en-europa\/#primaryimage"},"thumbnailUrl":"https:\/\/kunakair.com\/wp-content\/uploads\/2025\/03\/webinar-air-quality-in-europe.jpg","datePublished":"2025-03-19T10:41:48+00:00","dateModified":"2025-03-19T10:48:32+00:00","breadcrumb":{"@id":"https:\/\/kunakair.com\/es\/webinar-calidad-del-aire-en-europa\/#breadcrumb"},"inLanguage":"es","potentialAction":[{"@type":"ReadAction","target":["https:\/\/kunakair.com\/es\/webinar-calidad-del-aire-en-europa\/"]}]},{"@type":"ImageObject","inLanguage":"es","@id":"https:\/\/kunakair.com\/es\/webinar-calidad-del-aire-en-europa\/#primaryimage","url":"https:\/\/kunakair.com\/wp-content\/uploads\/2025\/03\/webinar-air-quality-in-europe.jpg","contentUrl":"https:\/\/kunakair.com\/wp-content\/uploads\/2025\/03\/webinar-air-quality-in-europe.jpg","width":1800,"height":1200,"caption":"Webinar: Urban air quality in Europe - The future of urban living - Kunak"},{"@type":"BreadcrumbList","@id":"https:\/\/kunakair.com\/es\/webinar-calidad-del-aire-en-europa\/#breadcrumb","itemListElement":[{"@type":"ListItem","position":1,"name":"Home","item":"https:\/\/kunakair.com\/es\/"},{"@type":"ListItem","position":2,"name":"La calidad del aire urbano, bajo la lupa: webinar gratuito sobre contaminaci\u00f3n en las ciudades"}]},{"@type":"WebSite","@id":"https:\/\/kunakair.com\/es\/#website","url":"https:\/\/kunakair.com\/es\/","name":"KUNAK","description":"Sensing anywhere","publisher":{"@id":"https:\/\/kunakair.com\/es\/#organization"},"alternateName":"Sensing anywhere","potentialAction":[{"@type":"SearchAction","target":{"@type":"EntryPoint","urlTemplate":"https:\/\/kunakair.com\/es\/?s={search_term_string}"},"query-input":{"@type":"PropertyValueSpecification","valueRequired":true,"valueName":"search_term_string"}}],"inLanguage":"es"},{"@type":"Organization","@id":"https:\/\/kunakair.com\/es\/#organization","name":"KUNAK","alternateName":"Sensing anywhere","url":"https:\/\/kunakair.com\/es\/","logo":{"@type":"ImageObject","inLanguage":"es","@id":"https:\/\/kunakair.com\/es\/#\/schema\/logo\/image\/","url":"https:\/\/kunakair.com\/wp-content\/uploads\/2022\/09\/logo-kunak-cuadrado.jpg","contentUrl":"https:\/\/kunakair.com\/wp-content\/uploads\/2022\/09\/logo-kunak-cuadrado.jpg","width":1000,"height":1000,"caption":"KUNAK"},"image":{"@id":"https:\/\/kunakair.com\/es\/#\/schema\/logo\/image\/"},"sameAs":["https:\/\/www.facebook.com\/KunakTechnologies\/","https:\/\/x.com\/KunaK_sensing","https:\/\/www.linkedin.com\/company\/kunak\/","https:\/\/www.instagram.com\/kunak_technologies\/","https:\/\/www.youtube.com\/channel\/UC-suigTybwCW50od_rhTZxg"]},{"@type":"Person","@id":"https:\/\/kunakair.com\/es\/#\/schema\/person\/32d5e976014d392d8b9f27bd02790a23","name":"Equipo de marketing y comunicaci\u00f3n","sameAs":["https:\/\/www.facebook.com\/kunakair","https:\/\/www.instagram.com\/kunak_technologies\/","https:\/\/www.linkedin.com\/company\/kunak\/","https:\/\/x.com\/KunaK_sensing","https:\/\/www.youtube.com\/@kunakair"],"url":"https:\/\/kunakair.com\/es\/author\/kunak\/"}]}},"_links":{"self":[{"href":"https:\/\/kunakair.com\/es\/wp-json\/wp\/v2\/posts\/62239","targetHints":{"allow":["GET"]}}],"collection":[{"href":"https:\/\/kunakair.com\/es\/wp-json\/wp\/v2\/posts"}],"about":[{"href":"https:\/\/kunakair.com\/es\/wp-json\/wp\/v2\/types\/post"}],"author":[{"embeddable":true,"href":"https:\/\/kunakair.com\/es\/wp-json\/wp\/v2\/users\/6"}],"replies":[{"embeddable":true,"href":"https:\/\/kunakair.com\/es\/wp-json\/wp\/v2\/comments?post=62239"}],"version-history":[{"count":3,"href":"https:\/\/kunakair.com\/es\/wp-json\/wp\/v2\/posts\/62239\/revisions"}],"predecessor-version":[{"id":62242,"href":"https:\/\/kunakair.com\/es\/wp-json\/wp\/v2\/posts\/62239\/revisions\/62242"}],"wp:featuredmedia":[{"embeddable":true,"href":"https:\/\/kunakair.com\/es\/wp-json\/wp\/v2\/media\/62235"}],"wp:attachment":[{"href":"https:\/\/kunakair.com\/es\/wp-json\/wp\/v2\/media?parent=62239"}],"wp:term":[{"taxonomy":"category","embeddable":true,"href":"https:\/\/kunakair.com\/es\/wp-json\/wp\/v2\/categories?post=62239"},{"taxonomy":"post_tag","embeddable":true,"href":"https:\/\/kunakair.com\/es\/wp-json\/wp\/v2\/tags?post=62239"},{"taxonomy":"resources","embeddable":true,"href":"https:\/\/kunakair.com\/es\/wp-json\/wp\/v2\/resources?post=62239"}],"curies":[{"name":"wp","href":"https:\/\/api.w.org\/{rel}","templated":true}]}}