{"id":51516,"date":"2024-06-03T16:31:40","date_gmt":"2024-06-03T14:31:40","guid":{"rendered":"https:\/\/kunakair.com\/?p=51516"},"modified":"2024-11-18T14:10:42","modified_gmt":"2024-11-18T12:10:42","slug":"calidad-del-aire-en-las-comunidades","status":"publish","type":"post","link":"https:\/\/kunakair.com\/es\/calidad-del-aire-en-las-comunidades\/","title":{"rendered":"Calidad del aire en las comunidades, una cuesti\u00f3n de justicia ambiental"},"content":{"rendered":"<p><span style=\"font-weight: 400;\">Se acab\u00f3 apelar \u00fanicamente a la conciencia. <\/span><\/p>\n<p><span style=\"font-weight: 400;\">La v\u00eda legal se ha convertido en un camino cada vez m\u00e1s frecuentado por las comunidades ciudadanas para defender el derecho de las personas a disfrutar de un medioambiente saludable. Las noticias nos muestran con frecuencia c\u00f3mo un derecho humano b\u00e1sico como es el disfrute de un medioambiente sin riesgos, limpio, saludable y sostenible sienta en el banquillo a aquellos que eximen su responsabilidad para lograrlo.\u00a0<\/span><\/p>\n<p><span style=\"font-weight: 400;\">Hasta los <\/span><a target=\"_blank\" href=\"https:\/\/hipertextual.com\/2024\/05\/bebes-coreanos-denuncian-inaccion-climatica\"><span style=\"font-weight: 400;\">beb\u00e9s coreanos demandan a Corea del Sur por la inacci\u00f3n clim\u00e1tica<\/span><\/a><span style=\"font-weight: 400;\">. No importa la edad del demandante, las personas organizadas en comunidades afectadas o vulnerables ante los da\u00f1os ambientales hacen valer sus derechos.\u00a0<\/span><\/p>\n<p><span style=\"font-weight: 400;\">Desde los seis j\u00f3venes portugueses capaces de llevar a 32 pa\u00edses europeos ante el Tribunal Europeo de Derechos Humanos (TEDH) mediante una acci\u00f3n legal para exigir sus obligaciones por el da\u00f1o que van a sufrir a lo largo de sus vidas causado por la emergencia clim\u00e1tica. Al<\/span><a target=\"_blank\" href=\"https:\/\/www.eldiario.es\/internacional\/tribunal-estrasburgo-declara-inadmisible-demanda-seis-jovenes-espana-31-paises-europeos-inaccion-climatica_1_11273837.html\"><span style=\"font-weight: 400;\"> hist\u00f3rico fallo legal para reducir los gases de efecto invernadero<\/span><\/a><span style=\"font-weight: 400;\"> que, en dicha Gran Sala del TEDH, ha dado la raz\u00f3n, en abril del 2024, con una sentencia vinculante pionera, a la <\/span><a target=\"_blank\" href=\"https:\/\/en.klimaseniorinnen.ch\/\"><span style=\"font-weight: 400;\">Asociaci\u00f3n de Mujeres Mayores para la Protecci\u00f3n del Clima de Suiza<\/span><\/a><span style=\"font-weight: 400;\"> que demandaban una acci\u00f3n insuficiente de los Estados miembro para limitar el cambio clim\u00e1tico.<\/span><\/p>\n<blockquote><p><i><span style=\"font-weight: 400;\">Apelar a la justicia ambiental, mediante la iniciativa comunitaria de emprender acciones legales que reclaman el respeto a disfrutar de un medioambiente saludable como un derecho humano b\u00e1sico y de las generaciones futuras, es un debate abierto y con gran repercusi\u00f3n internacional.<\/span><\/i><\/p><\/blockquote>\n<p><span style=\"font-weight: 400;\">As\u00ed ha ocurrido con el reconocimiento ante la violaci\u00f3n del gobierno del Per\u00fa de los derechos de los habitantes de La Oroya, comunidad andina considerada uno de los lugares m\u00e1s contaminados del planeta. <\/span><span style=\"font-weight: 400;\">Poluci\u00f3n procedente de la actividad minera en sus inmediaciones que altera la calidad del aire por la emisi\u00f3n de metales como el plomo, ars\u00e9nico y cadmio. Sus part\u00edculas son transportadas por el aire y se depositan en altas concentraciones en espacios al aire libre como parques, calles y zonas de juego de los colegios, siendo por tanto los ni\u00f1os y ni\u00f1as los m\u00e1s afectados por su ingesti\u00f3n.<\/span><\/p>\n<blockquote><p><a target=\"_blank\" href=\"https:\/\/elaw.org\/es\/community-of-la-oroya-wins-landmark-court-decision\"><i><span style=\"font-weight: 400;\">\u201cLa decisi\u00f3n de la Corte Interamericana es la sentencia m\u00e1s s\u00f3lida y completa de cualquier tribunal regional de derechos humanos hasta la fecha. No s\u00f3lo proporciona la justicia ambiental que tanto se necesitaba para el pueblo de La Oroya en Per\u00fa, sino que tambi\u00e9n establece un precedente vital que ser\u00e1 utilizado por ciudadanos, comunidades, tribunales y defensores de los derechos humanos ambientales preocupados en todo el mundo\u201d<\/span><\/i><\/a><i><span style=\"font-weight: 400;\">. David Boyd, relator especial de las Naciones Unidas sobre Derechos Humanos y Medio Ambiente.<\/span><\/i><\/p><\/blockquote>\n<p><span style=\"font-weight: 400;\">La <\/span><b>justicia ambiental<\/b><span style=\"font-weight: 400;\"> se basa en el principio rector de que todas las personas tienen derecho a la protecci\u00f3n contra los da\u00f1os y riesgos ambientales. Cada pa\u00eds y regi\u00f3n tiene sus propias leyes y normativas para garantizar a la ciudadan\u00eda un entorno m\u00e1s limpio y saludable. Se concibe como<\/span><a target=\"_blank\" href=\"https:\/\/www.scielo.org.mx\/scielo.php?script=sci_arttext&amp;pid=S1870-11912015000100008&amp;lng=es&amp;nrm=iso&amp;tlng=es\"><span style=\"font-weight: 400;\"> \u201cuna reivindicaci\u00f3n social, un nuevo paradigma que da certeza y equilibrio sobre la distribuci\u00f3n de las implicaciones ambientales positivas o negativas en un territorio determinado.\u201d<\/span><\/a><span style=\"font-weight: 400;\"> (Ram\u00edrez S., <\/span><i><span style=\"font-weight: 400;\">et al<\/span><\/i><span style=\"font-weight: 400;\">., 2015).<\/span><\/p>\n<div id=\"attachment_51515\" style=\"width: 1034px\" class=\"wp-caption aligncenter\"><a target=\"_blank\" href=\"https:\/\/cdn.who.int\/media\/images\/default-source\/gho\/themes\/gho_phe_20164ba93023-3445-42d3-a506-20fceade27b9.tmb-1920v.png?sfvrsn=2ccfa17e_2\"><img loading=\"lazy\" decoding=\"async\" aria-describedby=\"caption-attachment-51515\" class=\"wp-image-51515 size-large\" src=\"https:\/\/kunakair.com\/wp-content\/uploads\/2024\/05\/fraction-of-deaths-and-DALYs-attributable-to-the-environment-globally.png\" alt=\"Fracci\u00f3n de muertes y AVAD atribuibles al medio ambiente en el mundo - Kunak\" width=\"1024\" height=\"795\" srcset=\"https:\/\/kunakair.com\/wp-content\/uploads\/2024\/05\/fraction-of-deaths-and-DALYs-attributable-to-the-environment-globally-980x761.png 980w, https:\/\/kunakair.com\/wp-content\/uploads\/2024\/05\/fraction-of-deaths-and-DALYs-attributable-to-the-environment-globally-480x373.png 480w\" sizes=\"(min-width: 0px) and (max-width: 480px) 480px, (min-width: 481px) and (max-width: 980px) 980px, (min-width: 981px) 1024px, 100vw\" \/><\/a><p id=\"caption-attachment-51515\" class=\"wp-caption-text\">Fracci\u00f3n de muertes y AVAD atribuibles al medio ambiente en el mundo<\/p><\/div>\n<p><span style=\"font-weight: 400;\">Controlar las emisiones que alteran la calidad del aire ocupa un lugar preponderante en las acciones y decisiones ambientales para alcanzar la igualdad en los derechos humanos. Todas las personas deben vivir de una manera digna y disfrutando de un medioambiente con un aire limpio y puro independientemente de la situaci\u00f3n socioecon\u00f3mica, g\u00e9nero, ubicaci\u00f3n geogr\u00e1fica, edad u origen \u00e9tnico.<\/span><\/p>\n<p><span style=\"font-weight: 400;\">La contaminaci\u00f3n del aire es un problema que se produce en todas las comunidades, tanto urbanas como rurales, y es impulsada por una gran variedad de actividades humanas como la movilidad fundamentada en los combustibles f\u00f3siles y las emisiones industriales.\u00a0<\/span><\/p>\n<blockquote><p><i><span style=\"font-weight: 400;\">Para mejorar la calidad del aire en nuestras comunidades, es necesario tomar medidas que reduzcan la liberaci\u00f3n de contaminantes al aire y, al mismo tiempo, promover el derecho de acceso al aire libre tanto como al aire limpio.<\/span><\/i><\/p><\/blockquote>\n<p><span style=\"font-weight: 400;\">En muchos lugares, la mayor contaminaci\u00f3n se produce en \u00e1reas urbanas con alta densidad de tr\u00e1fico y actividad industrial en sus proximidades. Controlar la calidad del aire en nuestras comunidades es asequible gracias a herramientas esenciales como los sensores de calidad del aire. Al medir la cantidad de contaminantes en el aire se garantiza que el aire que respiramos est\u00e1 libre de contaminantes nocivos y es seguro para la salud.\u00a0<\/span><\/p>\n<p><span style=\"font-weight: 400;\">Existen diversos tipos de sensores para medir la calidad del aire tanto en interiores como al aire libre. En espacios de interior, hay modelos de purificadores que poseen a su vez sensores para medir la calidad del aire.\u00a0<\/span><\/p>\n<p><span style=\"font-weight: 400;\">Mientras que al aire libre son numerosos los tipos de dispositivos para evaluar los contaminantes espec\u00edficos del aire, como el di\u00f3xido de carbono, el ozono troposf\u00e9rico y los compuestos org\u00e1nicos vol\u00e1tiles, entre otros. Es habitual que estos sensores de exterior aparezcan asociados a estaciones meteorol\u00f3gicas. Pero lo m\u00e1s importante es que dichos sensores aporten una informaci\u00f3n precisa basada en datos fiables que sirvan para tomar las decisiones apropiadas e implementar medidas que reduzcan la contaminaci\u00f3n atmosf\u00e9rica a tiempo.<\/span><\/p>\n<h2><span style=\"font-weight: 400;\">\u00bfQu\u00e9 es una comunidad con justicia medioambiental?<\/span><\/h2>\n<p><span style=\"font-weight: 400;\">Una comunidad que apela a la justicia ambiental es aquella parte de la sociedad vinculada porque considera que disfrutar de un medioambiente limpio es fundamental. Un entorno, donde se dispongan de los servicios que nos presta la naturaleza, como puede ser disfrutar de una \u00f3ptima calidad del aire. Las comunidades reclaman as\u00ed un derecho humano apoy\u00e1ndose en las medidas legales en vigor. Es la manera de garantizar un medioambiente saludable que disponga de un aire puro para todos sus integrantes.<\/span><\/p>\n<p><span style=\"font-weight: 400;\">La dinamizaci\u00f3n de las personas para proteger sus derechos promueve la participaci\u00f3n ciudadana activa al implicarse en la toma de decisiones relacionadas con el medioambiente y su protecci\u00f3n.<\/span><\/p>\n<blockquote><p><a target=\"_blank\" href=\"https:\/\/drrobertbullard.com\/\"><i><span style=\"font-weight: 400;\">\u201cLa justicia medioambiental abarca el principio de que todas las personas y comunidades tienen derecho a la misma protecci\u00f3n de las leyes y normativas medioambientales y de salud p\u00fablica.\u201d<\/span><\/i><\/a><i><span style=\"font-weight: 400;\"> Robert D. Bullard, Father of Environmental Justice<\/span><\/i><\/p><\/blockquote>\n<p><span style=\"font-weight: 400;\">En este sentido, la lucha de la justicia ambiental contra la <\/span><a target=\"_blank\" href=\"https:\/\/kunakair.com\/es\/contaminantes-atmosfericos\/\"><span style=\"font-weight: 400;\">contaminaci\u00f3n atmosf\u00e9rica<\/span><\/a><span style=\"font-weight: 400;\"> pretende prevenir los nocivos efectos en la salud p\u00fablica de un entorno ambiental y clim\u00e1tico cada vez m\u00e1s hostil.\u00a0<\/span><\/p>\n<blockquote><p><i><span style=\"font-weight: 400;\">De todos los aspectos ambientales, el aire es un recurso prioritario para la vida por lo que debe permanecer libre de contaminantes para no generar un entorno nocivo que pueda afectar a la salud de las personas y del planeta.<\/span><\/i><\/p><\/blockquote>\n<p><span style=\"font-weight: 400;\">Las personas organizadas en comunidades que demandan justicia medioambiental, como parte afectada, merecen que su aportaci\u00f3n sea tenida en cuenta. Contribuir\u00e1 a la adopci\u00f3n de medidas que disminuyan las emisiones, compensen las ya generadas y para que se reduzcan o eliminen aquellas fuentes que est\u00e1 demostrada su relaci\u00f3n directa con los da\u00f1os ambientales, como el uso de combustibles f\u00f3siles.<\/span><\/p>\n<div id=\"attachment_51507\" style=\"width: 1034px\" class=\"wp-caption aligncenter\"><img loading=\"lazy\" decoding=\"async\" aria-describedby=\"caption-attachment-51507\" class=\"wp-image-51507 size-large\" src=\"https:\/\/kunakair.com\/wp-content\/uploads\/2024\/05\/Infografia-Acuerdo-de-Escazu_V2_2022_Esp.jpg\" alt=\"Infograf\u00eda del acuerdo de Escaz\u00fa - Kunak\" width=\"1024\" height=\"717\" srcset=\"https:\/\/kunakair.com\/wp-content\/uploads\/2024\/05\/Infografia-Acuerdo-de-Escazu_V2_2022_Esp.jpg 1024w, https:\/\/kunakair.com\/wp-content\/uploads\/2024\/05\/Infografia-Acuerdo-de-Escazu_V2_2022_Esp-980x686.jpg 980w, https:\/\/kunakair.com\/wp-content\/uploads\/2024\/05\/Infografia-Acuerdo-de-Escazu_V2_2022_Esp-480x336.jpg 480w\" sizes=\"(min-width: 0px) and (max-width: 480px) 480px, (min-width: 481px) and (max-width: 980px) 980px, (min-width: 981px) 1024px, 100vw\" \/><p id=\"caption-attachment-51507\" class=\"wp-caption-text\">Infograf\u00eda del Acuerdo de Escaz\u00fa<\/p><\/div>\n<p><span style=\"font-weight: 400;\">Uno de los grandes avances respecto a la implementaci\u00f3n plena y efectiva de la justicia ambiental se logr\u00f3 en Am\u00e9rica Latina y el Caribe mediante la firma del <\/span><a target=\"_blank\" href=\"https:\/\/news.un.org\/es\/story\/2021\/04\/1491182?_gl=1*181be9j*_ga*MTI4OTQxMTMxNy4xNzE2MzE5NDA0*_ga_TK9BQL5X7Z*MTcxNjMxOTQwNC4xLjAuMTcxNjMxOTQwNC4wLjAuMA..\"><span style=\"font-weight: 400;\">Acuerdo de Escaz\u00fa<\/span><\/a><span style=\"font-weight: 400;\">, en abril de 2021. Un pionero acuerdo jur\u00eddico con cuya implementaci\u00f3n por 25 pa\u00edses firmantes, ante la Secretar\u00eda General de las Naciones Unidas, se fomenta el acceso pleno de las comunidades a la informaci\u00f3n ambiental, la participaci\u00f3n p\u00fablica en los procesos de toma de decisiones ambientales y el acceso a la justicia en asuntos ambientales.<\/span><\/p>\n<h2><span style=\"font-weight: 400;\">\u00bfC\u00f3mo es la contaminaci\u00f3n en las comunidades?<\/span><\/h2>\n<p><span style=\"font-weight: 400;\">Las iniciativas comunitarias que solicitan la justicia ambiental pueden afrontar numerosos da\u00f1os y desaf\u00edos que atentan contra un modelo de desarrollo respetuoso con los derechos medioambientales ya que su alteraci\u00f3n altera directa o indirectamente su salud y calidad de vida.\u00a0<\/span><\/p>\n<blockquote><p><i><span style=\"font-weight: 400;\">Desde los da\u00f1os al agua y los suelos, la alteraci\u00f3n de los servicios que los ecosistemas prestan a la sociedad y la degradaci\u00f3n de la calidad del aire, los solicitantes pueden promover la participaci\u00f3n p\u00fablica para conseguir que se ejerza la justicia ambiental y con ello se respete el derecho a la salud de cualquier persona.<\/span><\/i><\/p><\/blockquote>\n<p><span style=\"font-weight: 400;\">De esta manera se exige formalmente que todas las personas sean tratadas con igualdad y se beneficien de la aplicaci\u00f3n de las leyes vigentes como protecci\u00f3n ante posibles riesgos ambientales.<\/span><\/p>\n<p><span style=\"font-weight: 400;\">Defender los derechos humanos a trav\u00e9s de la justicia medioambiental exigida por las comunidades es necesaria si se quiere disponer de agua potable, alimentos sanos, un aire limpio y una biosfera preservada que garantice los servicios que los ecosistemas prestan a la sociedad.\u00a0<\/span><\/p>\n<blockquote><p><i><span style=\"font-weight: 400;\">Se trata de utilizar el marco legal a nivel nacional e internacional para exigir un medioambiente sano en un mundo globalizado.<\/span><\/i><\/p><\/blockquote>\n<p><span style=\"font-weight: 400;\">Dados los graves efectos adversos para la salud asociados con muchos contaminantes y la distribuci\u00f3n desigual de estos efectos entre grupos socioecon\u00f3micos, la contaminaci\u00f3n del aire es a menudo un foco de investigaci\u00f3n sobre justicia ambiental. (Gardner-Frolick, R., <\/span><i><span style=\"font-weight: 400;\">et al.<\/span><\/i><span style=\"font-weight: 400;\">, 2022).<\/span><\/p>\n<div id=\"attachment_51505\" style=\"width: 1034px\" class=\"wp-caption aligncenter\"><img loading=\"lazy\" decoding=\"async\" aria-describedby=\"caption-attachment-51505\" class=\"wp-image-51505 size-large\" src=\"https:\/\/kunakair.com\/wp-content\/uploads\/2024\/05\/industry-1761801_1280.jpg\" alt=\"Actividad industrial y calidad del aire - Kunak\" width=\"1024\" height=\"682\" srcset=\"https:\/\/kunakair.com\/wp-content\/uploads\/2024\/05\/industry-1761801_1280.jpg 1024w, https:\/\/kunakair.com\/wp-content\/uploads\/2024\/05\/industry-1761801_1280-980x653.jpg 980w, https:\/\/kunakair.com\/wp-content\/uploads\/2024\/05\/industry-1761801_1280-480x320.jpg 480w\" sizes=\"(min-width: 0px) and (max-width: 480px) 480px, (min-width: 481px) and (max-width: 980px) 980px, (min-width: 981px) 1024px, 100vw\" \/><p id=\"caption-attachment-51505\" class=\"wp-caption-text\">Actividad industrial y calidad del aire<\/p><\/div>\n<h2><span style=\"font-weight: 400;\">\u00bfD\u00f3nde se produce esta contaminaci\u00f3n?<\/span><\/h2>\n<p><span style=\"font-weight: 400;\">Entre las principales causas de alteraci\u00f3n ambiental que atentan contra un desarrollo sostenible comunitario se encuentran aquellas que afectan a la calidad del aire. Un reto de \u00e1mbito global que es originado mayoritariamente por algunas actividades humanas:<\/span><\/p>\n<h3><span style=\"font-weight: 400;\">Transporte e industria\u00a0<\/span><\/h3>\n<p><span style=\"font-weight: 400;\">Con el uso de combustibles f\u00f3siles se emiten gases contaminantes. Su liberaci\u00f3n procede principalmente del funcionamiento de veh\u00edculos de combusti\u00f3n y de las industrias que emplean energ\u00edas f\u00f3siles en sus procesos de manufactura. Entre las principales emisiones contaminantes procedentes de la combusti\u00f3n se hallan:<\/span><\/p>\n<h4><a target=\"_blank\" href=\"https:\/\/kunakair.com\/es\/dioxido-de-carbono\/\">Di\u00f3xido de carbono<\/a><\/h4>\n<h4><a target=\"_blank\" href=\"https:\/\/kunakair.com\/es\/cartuchos-inteligentes\/dioxido-de-nitrogeno\/\">Di\u00f3xido de nitr\u00f3geno<\/a><\/h4>\n<h4><a target=\"_blank\" href=\"https:\/\/kunakair.com\/es\/dioxido-de-azufre\/\">Di\u00f3xido de azufre<\/a><\/h4>\n<h4><a target=\"_blank\" href=\"https:\/\/kunakair.com\/es\/cartuchos-inteligentes\/monoxido-de-carbono\/\">Mon\u00f3xido de carbono<\/a><\/h4>\n<h4><a target=\"_blank\" href=\"https:\/\/kunakair.com\/es\/particulas-en-suspension\/\">Part\u00edculas para suspensi\u00f3n<\/a><\/h4>\n<h4><a target=\"_blank\" href=\"https:\/\/kunakair.com\/es\/cartuchos-inteligentes\/oxido-nitrico\/\">\u00d3xidos de nitr\u00f3geno<\/a><\/h4>\n<h4><a target=\"_blank\" href=\"https:\/\/kunakair.com\/es\/cartuchos-inteligentes\/ozono\/\">Ozono troposf\u00e9rico<\/a><\/h4>\n<h4>Hidrocarburos<\/h4>\n<h4>Metales pesados<\/h4>\n<h3>Ruidos<\/h3>\n<p>Uno de los principales factores que impiden disponer de una ambiente sano y sostenible son los sonidos molestos que afectan a las personas y al desarrollo de sus actividades. Emisiones sonoras que son la causa de una contaminaci\u00f3n ac\u00fastica que la Organizaci\u00f3n Mundial de la Salud define como ruido a partir de 65 dB.<\/p>\n<h3>Basuras y residuos<\/h3>\n<p>M\u00e1s del 40% de las basuras y residuos generados por las actividades humanas son eliminados mediante su quema al aire libre.<\/p>\n<h3>Agricultura y ganader\u00eda<\/h3>\n<p>El 24% de los gases de efecto invernadero proceden del uso de fertilizantes sint\u00e9ticos y de la quema de residuos agr\u00edcolas. Mientras que la ganader\u00eda es uno de los principales emisores de gas metano y con ello de la alteraci\u00f3n del ozono troposf\u00e9rico o aquel que permanece a nivel del suelo.<\/p>\n<h3>Incendios forestales<\/h3>\n<p>Cuando la madera de los \u00e1rboles se quema se genera una nociva mezcla de gases y part\u00edculas finas que afectan a \u00f3rganos vitales como el ri\u00f1\u00f3n y el h\u00edgado y ocasionan enfermedades respiratorias, as\u00ed como agravan las de origen cardiovascular.<\/p>\n<h2><span style=\"font-weight: 400;\">Efectos de la contaminaci\u00f3n en las comunidades<\/span><\/h2>\n<p><span style=\"font-weight: 400;\">Si bien las personas con niveles socioecon\u00f3micos m\u00e1s bajos y vinculadas a la diversidad de origen \u00e9tnico son las principales afectadas por los efectos adversos de la contaminaci\u00f3n del aire, esta acaba siendo un problema de la sociedad en general. A las afecciones para la salud y la disminuci\u00f3n en las condiciones de bienestar que provoca la contaminaci\u00f3n atmosf\u00e9rica se a\u00f1ade que altera h\u00e1bitats y da\u00f1a los ecosistemas, adem\u00e1s de incidir en problemas globales con el cambio clim\u00e1tico.<\/span><\/p>\n<p><span style=\"font-weight: 400;\">Apelando a la justicia ambiental se lucha para que se subsanen tales deficiencias del aire y, en conjunto, se alcancen objetivos de mejora para la salud p\u00fablica y los seres vivos en general.\u00a0<\/span><\/p>\n<blockquote><p><i><span style=\"font-weight: 400;\">En 2021, el presidente de los Estados Unidos, Joe Biden, firm\u00f3 una orden ejecutiva para exigir que <\/span><\/i><a target=\"_blank\" href=\"https:\/\/www.regulations.gov\/document\/EPA-HQ-OPPT-2021-0202-0012\"><i><span style=\"font-weight: 400;\">el 40% de los beneficios de las inversiones federales en clima y energ\u00eda limpia se destinen a las comunidades de justicia ambiental<\/span><\/i><\/a><i><span style=\"font-weight: 400;\">.<\/span><\/i><\/p><\/blockquote>\n<p><span style=\"font-weight: 400;\">Las desigualdades medioambientales relacionadas con la calidad del aire se detectan principalmente en determinadas \u00e1reas metropolitanas donde sus habitantes est\u00e1n m\u00e1s expuestos a la contaminaci\u00f3n del aire. Es ah\u00ed donde <\/span><a target=\"_blank\" href=\"https:\/\/www.scielosp.org\/article\/ssm\/content\/raw\/?resource_ssm_path=\/media\/assets\/rsap\/v17n3\/v17n3a03.pdf\"><span style=\"font-weight: 400;\">las autoridades responsables tienen herramientas regulatorias cuya implementaci\u00f3n debe mejorarse para lograr la justicia ambiental<\/span><\/a><span style=\"font-weight: 400;\">. (Rose-P\u00e9rez, R., 2015). Adem\u00e1s, la falta de espacios de aire libre en las ciudades y la escasez de lluvias inciden en que se acumulen los\u00a0 contaminantes en el aire, lo que tiene como resultado una mala calidad del aire para los residentes urbanos.<\/span><\/p>\n<div id=\"attachment_51511\" style=\"width: 1034px\" class=\"wp-caption aligncenter\"><a target=\"_blank\" href=\"https:\/\/www.who.int\/data\/gho\/data\/themes\/air-pollution\/ambient-air-pollution \"><img loading=\"lazy\" decoding=\"async\" aria-describedby=\"caption-attachment-51511\" class=\"wp-image-51511 size-large\" src=\"https:\/\/kunakair.com\/wp-content\/uploads\/2024\/05\/4a81d010-18ea-11ef-a76b-450a2cce6151.png\" alt=\"Concentraciones mundiales de part\u00edculas finas (PM2,5) seg\u00fan la OMS - Kunak\" width=\"1024\" height=\"576\" srcset=\"https:\/\/kunakair.com\/wp-content\/uploads\/2024\/05\/4a81d010-18ea-11ef-a76b-450a2cce6151-980x551.png 980w, https:\/\/kunakair.com\/wp-content\/uploads\/2024\/05\/4a81d010-18ea-11ef-a76b-450a2cce6151-480x270.png 480w\" sizes=\"(min-width: 0px) and (max-width: 480px) 480px, (min-width: 481px) and (max-width: 980px) 980px, (min-width: 981px) 1024px, 100vw\" \/><\/a><p id=\"caption-attachment-51511\" class=\"wp-caption-text\">Concentraciones mundiales de part\u00edculas finas (PM2,5) seg\u00fan la OMS<\/p><\/div>\n<p><span style=\"font-weight: 400;\">Seg\u00fan un estudio realizado por el Banco Mundial, las part\u00edculas finas procedentes de la combusti\u00f3n de combustibles f\u00f3siles ocasionan uno de los efectos m\u00e1s nocivos de la contaminaci\u00f3n atmosf\u00e9rica incrementando la proporci\u00f3n de <\/span><a target=\"_blank\" href=\"https:\/\/kunakair.com\/es\/particulas-en-suspension\/\"><span style=\"font-weight: 400;\">part\u00edculas totales suspendidas (PST)<\/span><\/a><span style=\"font-weight: 400;\">. Son las causantes de enfermedades respiratorias como el asma, a la vez que inciden en el desarrollo del c\u00e1ncer, enfermedades cardiovasculares e incrementan las muertes prematuras.<\/span><\/p>\n<p><iframe style=\"width: 100%; height: 600px; border: 0px none;\" src=\"https:\/\/ourworldindata.org\/grapher\/number-of-deaths-by-risk-factor?tab=chart\"><\/iframe><\/p>\n<blockquote><p><a target=\"_blank\" href=\"https:\/\/www.un.org\/en\/climatechange\/science\/climate-issues\/health\"><i><span style=\"font-weight: 400;\">\u201cEl abandono en el uso de los combustibles f\u00f3siles podr\u00eda evitar 1,2 millones de muertes cada a\u00f1o originadas por la exposici\u00f3n a las part\u00edculas en suspensi\u00f3n de los combustibles f\u00f3siles.\u201d<\/span><\/i><\/a><i><span style=\"font-weight: 400;\"> Naciones Unidas, Acci\u00f3n Clim\u00e1tica.<\/span><\/i><\/p><\/blockquote>\n<h2><span style=\"font-weight: 400;\">El rol gubernamental<\/span><\/h2>\n<p><span style=\"font-weight: 400;\">La justicia ambiental, se basa en el principio rector de que todas las personas tienen derecho a la protecci\u00f3n contra los da\u00f1os y riesgos ambientales. Cada pa\u00eds y regi\u00f3n tiene sus propias leyes y acuerdos para garantizar a la ciudadan\u00eda un entorno m\u00e1s limpio y saludable.<\/span><\/p>\n<p><span style=\"font-weight: 400;\">En m\u00e1s de 100 pa\u00edses, el derecho a un medioambiente saludable goza de un estatus constitucional que es la f\u00f3rmula m\u00e1s eficiente de protecci\u00f3n legal disponible.<\/span><\/p>\n<p><span style=\"font-weight: 400;\">En Europa, cualquier ciudadano, si considera que una actividad es perjudicial para el medioambiente, tiene garant\u00edas procesales que le facilitan acceder a la informaci\u00f3n, evaluaci\u00f3n del impacto ambiental o participar en los procesos de decisi\u00f3n. Si finalmente no logra hacer que su voz sea escuchada puede <\/span><a target=\"_blank\" href=\"https:\/\/e-justice.europa.eu\/300\/ES\/access_to_justice_in_environmental_matters\"><span style=\"font-weight: 400;\">recurrir a las normas espec\u00edficas de cada Estado miembro para hacer valer sus derechos<\/span><\/a><span style=\"font-weight: 400;\">. Bien de forma individual o en comunidades de personas afectadas se puede iniciar un proceso de recurso ante un \u00f3rgano jurisdiccional del propio Estado miembro.<\/span><\/p>\n<p><span style=\"font-weight: 400;\">Asimismo las organizaciones no gubernamentales vinculadas a la protecci\u00f3n ambiental gozan de un estatus preferente al presentar un recurso por una actuaci\u00f3n ambiental perjudicial. Desempe\u00f1an un papel primordial para la ciudadan\u00eda y la protecci\u00f3n del entorno al ser consideradas como vigilantes de la protecci\u00f3n del medioambiente.<\/span><\/p>\n<p><span style=\"font-weight: 400;\">En el \u00e1mbito de la justicia ambiental destacan pa\u00edses como Estados Unidos, por su reconocimiento hist\u00f3rico para que todas las comunidades est\u00e9n protegidas por igual contra los peligros ambientales. De esta manera ha creado un compromiso con la justicia ambiental a trav\u00e9s de la iniciativa <\/span><a target=\"_blank\" href=\"https:\/\/www.whitehouse.gov\/es\/justicia-ambiental\/justice40\/\"><span style=\"font-weight: 400;\">Justice40<\/span><\/a><span style=\"font-weight: 400;\"> basada en una herramienta de detecci\u00f3n de justicia clim\u00e1tica y econ\u00f3mica.<\/span><\/p>\n<div id=\"attachment_51900\" style=\"width: 1034px\" class=\"wp-caption aligncenter\"><a target=\"_blank\" href=\"https:\/\/screeningtool.geoplatform.gov\/es\/#11.92\/29.96109\/-90.08509\"><img loading=\"lazy\" decoding=\"async\" aria-describedby=\"caption-attachment-51900\" class=\"wp-image-51900 size-large\" src=\"https:\/\/kunakair.com\/wp-content\/uploads\/2024\/06\/Geoplataforma-herramienta-evaluacion-justicia-climatica-y-economica-Gobierno-EE.UU_-1024x630.png\" alt=\"Geoplataforma herramienta evaluaci\u00f3n justicia clim\u00e1tica y econ\u00f3mica - Gobierno EE.UU. - kunak\" width=\"1024\" height=\"630\" srcset=\"https:\/\/kunakair.com\/wp-content\/uploads\/2024\/06\/Geoplataforma-herramienta-evaluacion-justicia-climatica-y-economica-Gobierno-EE.UU_-980x603.png 980w, https:\/\/kunakair.com\/wp-content\/uploads\/2024\/06\/Geoplataforma-herramienta-evaluacion-justicia-climatica-y-economica-Gobierno-EE.UU_-480x295.png 480w\" sizes=\"(min-width: 0px) and (max-width: 480px) 480px, (min-width: 481px) and (max-width: 980px) 980px, (min-width: 981px) 1024px, 100vw\" \/><\/a><p id=\"caption-attachment-51900\" class=\"wp-caption-text\">Geoplataforma con herramienta de evaluaci\u00f3n justicia clim\u00e1tica y econ\u00f3mica &#8211; Gobierno EE.UU. programa Justice 40<\/p><\/div>\n<blockquote><p><i>Garantizar la calidad del aire es un factor fundamental para alcanzar la justicia ambiental que proteja la salud humana, la biodiversidad y la sostenibilidad del medioambiente.<\/i><\/p><\/blockquote>\n<p><span style=\"font-weight: 400;\">Los gobiernos, a trav\u00e9s de las regulaciones y pol\u00edticas implementadas, como la recientemente aprobada <\/span><a target=\"_blank\" href=\"https:\/\/environment.ec.europa.eu\/topics\/air\/air-quality_en\"><span style=\"font-weight: 400;\">Directiva de Calidad del Aire europea<\/span><\/a><span style=\"font-weight: 400;\">, pueden influir significativamente en la calidad del aire que respiramos. Tienen la responsabilidad de establecer y hacer cumplir las normas que limitan la cantidad de contaminantes que se pueden liberar en el aire.\u00a0<\/span><\/p>\n<div id=\"attachment_51517\" style=\"width: 1034px\" class=\"wp-caption aligncenter\"><img loading=\"lazy\" decoding=\"async\" aria-describedby=\"caption-attachment-51517\" class=\"wp-image-51517 size-large\" src=\"https:\/\/kunakair.com\/wp-content\/uploads\/2024\/05\/papel-gobierno-en-la-justicia-medioambiental-kunak.png\" alt=\"Claves del papel del gobierno en defensa de la justicia ambiental - Kunak\" width=\"1024\" height=\"307\" srcset=\"https:\/\/kunakair.com\/wp-content\/uploads\/2024\/05\/papel-gobierno-en-la-justicia-medioambiental-kunak-980x293.png 980w, https:\/\/kunakair.com\/wp-content\/uploads\/2024\/05\/papel-gobierno-en-la-justicia-medioambiental-kunak-480x144.png 480w\" sizes=\"(min-width: 0px) and (max-width: 480px) 480px, (min-width: 481px) and (max-width: 980px) 980px, (min-width: 981px) 1024px, 100vw\" \/><p id=\"caption-attachment-51517\" class=\"wp-caption-text\">Claves del papel del gobierno en defensa de la justicia ambiental<\/p><\/div>\n<p><span style=\"font-weight: 400;\">Estas normas son esenciales para mantener el aire limpio y reducir los niveles de contaminaci\u00f3n atmosf\u00e9rica. Sin embargo, estas normas \u00fanicamente pueden ser efectivas <\/span><b>si se aplican de manera consistente y se cumplen rigurosamente<\/b><span style=\"font-weight: 400;\">.<\/span><\/p>\n<p><span style=\"font-weight: 400;\">A nivel gubernamental tambi\u00e9n se ha de promocionar la concienciaci\u00f3n p\u00fablica sobre la importancia de respirar aire limpio. A trav\u00e9s de campa\u00f1as de educaci\u00f3n y sensibilizaci\u00f3n, puede ayudar a las personas a entender los riesgos asociados con la respiraci\u00f3n de aire contaminado y las medidas que pueden tomar para protegerse.\u00a0<\/span><\/p>\n<p><span style=\"font-weight: 400;\">Adem\u00e1s, son los gobiernos de cada pa\u00eds, mediante las <\/span><b>pol\u00edticas nacionales y los acuerdos medioambientales mundiales<\/b><span style=\"font-weight: 400;\">, los que pueden fomentar la adopci\u00f3n de tecnolog\u00edas m\u00e1s limpias y energ\u00edas renovables para reducir la cantidad de contaminantes emitidos al aire.\u00a0<\/span><\/p>\n<p><span style=\"font-weight: 400;\">Cuando se trata de \u00e1reas con mayor contaminaci\u00f3n, los gobiernos de los pa\u00edses tienen la responsabilidad de tomar medidas m\u00e1s dr\u00e1sticas para mejorar la calidad del aire. Esto puede incluir la restricci\u00f3n de ciertas actividades que contribuyen a tan elevada contaminaci\u00f3n, como la quema de carb\u00f3n o restringir el funcionamiento de f\u00e1bricas que producen elevadas emisiones atmosf\u00e9ricas que alteran la calidad del aire.<\/span><\/p>\n<div id=\"attachment_51509\" style=\"width: 1034px\" class=\"wp-caption aligncenter\"><img loading=\"lazy\" decoding=\"async\" aria-describedby=\"caption-attachment-51509\" class=\"wp-image-51509 size-large\" src=\"https:\/\/kunakair.com\/wp-content\/uploads\/2024\/05\/Kids_Want_Climate_Justice_34168280266.jpg\" alt=\"Los ni\u00f1os exigen justicia clim\u00e1tica - Kunak\" width=\"1024\" height=\"683\" \/><p id=\"caption-attachment-51509\" class=\"wp-caption-text\">Los j\u00f3venes exigen justicia clim\u00e1tica<\/p><\/div>\n<h2><span style=\"font-weight: 400;\">\u00bfC\u00f3mo mejorar la calidad del aire en tu comunidad?<\/span><\/h2>\n<p><span style=\"font-weight: 400;\">La calidad del aire en las comunidades es un tema que afecta a la poblaci\u00f3n en general y del que todos somos responsables. Es importante tomar medidas, con un esfuerzo colectivo, para reducir la contaminaci\u00f3n atmosf\u00e9rica y promover un aire m\u00e1s limpio y saludable para todos.\u00a0<\/span><\/p>\n<p><span style=\"font-weight: 400;\">Ya sea a trav\u00e9s de pol\u00edticas p\u00fablicas, iniciativas de la comunidad en demanda por la justicia ambiental o cambios en nuestros comportamientos individuales, todos podemos hacer nuestra parte para mejorar la calidad del aire en nuestras comunidades. Porque <\/span><b>todos merecemos respirar aire limpio<\/b><span style=\"font-weight: 400;\">.<\/span><\/p>\n<p><span style=\"font-weight: 400;\">Para mejorar la calidad del aire en nuestras comunidades, es necesario adoptar una serie de medidas que promuevan el <\/span><b>cuidado y la preservaci\u00f3n de nuestro entorno<\/b><span style=\"font-weight: 400;\">.\u00a0<\/span><\/p>\n<h3>Educaci\u00f3n ambiental<\/h3>\n<p>Es fundamental fomentar la educaci\u00f3n ambiental entre los miembros de la comunidad. Conocer las causas y consecuencias de la contaminaci\u00f3n atmosf\u00e9rica nos permitir\u00e1 tomar decisiones m\u00e1s informadas y respetuosas con el medioambiente.<\/p>\n<h3>Energ\u00edas renovables<\/h3>\n<p>Promover el uso de energ\u00edas renovables en sustituci\u00f3n de los combustibles f\u00f3siles. La generaci\u00f3n de energ\u00eda a trav\u00e9s de fuentes renovables, como el sol o el viento, reduce significativamente la emisi\u00f3n de gases contaminantes al aire. La eficiencia energ\u00e9tica de las edificaciones tambi\u00e9n contribuye a la optimizaci\u00f3n en la demanda energ\u00e9tica de las comunidades y con ello a minimizar el impacto de la industria generadora de energ\u00eda.<\/p>\n<h3>Espacios verdes<\/h3>\n<p>El mantenimiento y la creaci\u00f3n de espacios verdes y \u00e1reas recreativas al aire libre en nuestras comunidades tambi\u00e9n son esenciales. Los \u00e1rboles y las plantas de parques y jardines absorben el di\u00f3xido de carbono y liberan ox\u00edgeno, as\u00ed como regulan la temperatura ambiental contribuyendo en conjunto a la purificaci\u00f3n del aire.<\/p>\n<h3>Concienciaci\u00f3n ciudadana<\/h3>\n<p>Implementar programas de concienciaci\u00f3n ciudadana sobre el impacto que las actividades cotidianas que desarrollamos tienen en la calidad del aire como regular el uso de calefacciones y sistemas de climatizaci\u00f3n para reducir las emisiones contaminantes.<\/p>\n<h3>Movilidad sostenible<\/h3>\n<p>Promover el uso del transporte p\u00fablico y de modos de transporte m\u00e1s amigables con el medioambiente y la creaci\u00f3n de zonas peatonales ayudan a reducir el impacto ambiental de nuestros desplazamientos.<\/p>\n<h2>Control de la calidad del aire en las comunidades<\/h2>\n<p><span style=\"font-weight: 400;\">Para conseguir comunidades m\u00e1s saludables y sostenibles, aparte de incidir en mejorar la calidad del aire a trav\u00e9s de la implementaci\u00f3n de las energ\u00edas renovables, la promoci\u00f3n del transporte p\u00fablico y el fomento de estilos de vida sostenibles, en la actualidad, contamos con diversas herramientas que nos permiten controlar la calidad del aire en nuestras comunidades. Su presencia resulta esencial para determinar las caracter\u00edsticas del aire que respiramos, garantizar que est\u00e1 libre de contaminantes nocivos y es seguro para nuestra salud.\u00a0<\/span><\/p>\n<p><span style=\"font-weight: 400;\">Entre estas herramientas se encuentran los sensores de calidad del aire. En la actualidad, existen multitud de tecnolog\u00edas que miden la calidad ambiental mediante la detecci\u00f3n de los diferentes contaminantes del aire pero con muy variada fiabilidad. Seg\u00fan los tipos espec\u00edficos de contaminantes que se desee medir, podemos encontrar diversas tecnolog\u00edas como sensores electroqu\u00edmicos, analizadores, gravim\u00e9tricos, infrarrojos no dispersivos, sistemas microelectromec\u00e1nicos, etc.<\/span><\/p>\n<p><span style=\"font-weight: 400;\"><img loading=\"lazy\" decoding=\"async\" class=\"size-full wp-image-29967 alignleft\" src=\"https:\/\/kunakair.com\/wp-content\/uploads\/2023\/04\/cartridges-animation.gif\" alt=\"\" width=\"240\" height=\"173\" \/>Kunak, gracias a su <\/span><a target=\"_blank\" href=\"https:\/\/kunakair.com\/es\/sensor-de-calidad-del-aire\/\"><span style=\"font-weight: 400;\">tecnolog\u00eda patentada de cartuchos inteligentes<\/span><\/a><span style=\"font-weight: 400;\">, ofrece la ventaja de poder ser reemplazados f\u00e1cilmente en cuesti\u00f3n de minutos, reduciendo dr\u00e1sticamente la p\u00e9rdida de datos sobre la calidad del aire. Adem\u00e1s, de este modo, no hace falta enviar el dispositivo a f\u00e1brica para su calibraci\u00f3n y\/o mantenimiento peri\u00f3dico.<\/span><\/p>\n<p><span style=\"font-weight: 400;\">A diferencia de otros sistemas, en el caso de Kunak, los cartuchos inteligentes incorporan un algoritmo propio dise\u00f1ado por los ingenieros de Kunak capaz de mitigar los efectos de condiciones ambientales, que permite realizar mediciones equiparables a las que ofrecen los instrumentos de referencia.\u00a0<\/span><\/p>\n<p><span style=\"font-weight: 400;\">Y es que, tan solo tomando decisiones informadas en base a datos precisos y de calidad es posible implementar las medidas oportunas que nos lleven a reducir la contaminaci\u00f3n ambiental y, en definitiva, a proteger la salud de las personas.<\/span><\/p>\n\n    <div class=\"calls one-column\" style='background-image: url(https:\/\/kunakair.com\/wp-content\/uploads\/2024\/10\/fondo-banner-catalogo-ES-2.jpg);'>\n        <div class=\"calls-content\">\n                        <div class=\"calls-content-inner\">\n                <p class=\"calls-title\">Descarga el cat\u00e1logo de productos<\/p> <!-- Mostrar el t\u00edtulo del CTA -->\n                <div class=\"calls-text\"><p>Accede al cat\u00e1logo completo con nuestra soluci\u00f3n para la monitorizaci\u00f3n ambiental y descubre c\u00f3mo mejorar tu operativa diaria.<\/p>\n<\/div>\n                \t                <div class=\"calls-buttons\">\n\t                    \t                        <a href=\"https:\/\/kunakair.com\/es\/descarga-catalogo\/\" class=\"et_pb_button calls-button\"  target=\"_blank\" rel=\"nofollow\">\n\t                            Descargar\t                        <\/a>\n\t                    \t                <\/div>\n\t                        <\/div>   \n            \n        \n        <\/div>\n    <\/div>\n\n    \n<blockquote><p><a target=\"_blank\" href=\"https:\/\/revistes.ub.edu\/index.php\/ScriptaNova\/article\/view\/18008\/20722\"><i><span style=\"font-weight: 400;\">\u201cLa justicia ambiental est\u00e1 contribuyendo a desvelar la interacci\u00f3n entre amenazas ambientales, condiciones de salud y grupos vulnerables.\u201d<\/span><\/i><\/a><i><span style=\"font-weight: 400;\"> (Prieto-Flores, M.E., et al., 2016).<\/span><\/i><\/p><\/blockquote>\n<h2><span style=\"font-weight: 400;\">Otras formas de conocer la calidad del aire que respiras<\/span><\/h2>\n<p><span style=\"font-weight: 400;\">Para averiguar la calidad del aire en la comunidad, se puede hacer uso de <\/span><b>herramientas p\u00fablicas<\/b><span style=\"font-weight: 400;\"> como los mapas inteligentes actualizados mediante las estaciones meteorol\u00f3gicas y redes de sensores dispuestos por los gobiernos locales y administraciones p\u00fablicas que proporcionan datos sobre la calidad del aire para algunas zonas determinadas.\u00a0<\/span><\/p>\n<p><span style=\"font-weight: 400;\">Adicionalmente, es importante estar atento a las <\/span><b>noticias y alertas de las autoridades locales<\/b><span style=\"font-weight: 400;\"> sobre la contaminaci\u00f3n atmosf\u00e9rica y sus niveles, ya que permiten tomar decisiones tempranas para evitar los riesgos de salud al permanecer al aire libre en determinados d\u00edas de elevada contaminaci\u00f3n atmosf\u00e9rica (por ejemplo al salir a practicar deporte).<\/span><\/p>\n<div id=\"attachment_51525\" style=\"width: 1034px\" class=\"wp-caption aligncenter\"><img loading=\"lazy\" decoding=\"async\" aria-describedby=\"caption-attachment-51525\" class=\"wp-image-51525 size-large\" src=\"https:\/\/kunakair.com\/wp-content\/uploads\/2024\/05\/How-clean-your-air-is_Ecowatch.jpg\" alt=\"Cartel en defensa de un aire m\u00e1s limpio. (Foto de David L. Ryan v\u00eda Getty Images) - Kunak\" width=\"1024\" height=\"654\" srcset=\"https:\/\/kunakair.com\/wp-content\/uploads\/2024\/05\/How-clean-your-air-is_Ecowatch.jpg 1024w, https:\/\/kunakair.com\/wp-content\/uploads\/2024\/05\/How-clean-your-air-is_Ecowatch-980x626.jpg 980w, https:\/\/kunakair.com\/wp-content\/uploads\/2024\/05\/How-clean-your-air-is_Ecowatch-480x306.jpg 480w\" sizes=\"(min-width: 0px) and (max-width: 480px) 480px, (min-width: 481px) and (max-width: 980px) 980px, (min-width: 981px) 1024px, 100vw\" \/><p id=\"caption-attachment-51525\" class=\"wp-caption-text\">Cartel de movilizaci\u00f3n comunitaria en defensa de un aire m\u00e1s limpio. (Foto de David L. Ryan)<\/p><\/div>\n<p><span style=\"font-weight: 400;\">De igual manera, las comunidades desempe\u00f1an un papel esencial y din\u00e1mico, a trav\u00e9s de la justicia ambiental, para exigir las responsabilidades de los gobiernos frente a la ciudadan\u00eda.\u00a0<\/span><\/p>\n<blockquote><p><i><span style=\"font-weight: 400;\">La clase pol\u00edtica es el garante para los ciudadanos de que no se viole su derecho fundamental a respirar un aire limpio.\u00a0<\/span><\/i><\/p><\/blockquote>\n<p><span style=\"font-weight: 400;\">Si los gobiernos omiten sus labores o no desempe\u00f1an su funci\u00f3n de exigir a terceros sus obligaciones con respecto a la calidad del aire es el momento de apelar a la justicia ambiental. Una acci\u00f3n legal que ha demostrado ser eficaz para exigir a los gobiernos que cumplan con las leyes y pol\u00edticas creadas expresamente para lograr un medioambiente saludable, porque al hacerlo se defiende el derecho b\u00e1sico a la vida.<\/span><\/p>\n<h2><span style=\"font-weight: 400;\">Referencias<\/span><\/h2>\n<p>Gallagher L. and Holloway T. (2022). U.S. decarbonization impacts on air quality and environmental justice. Environmental Research Letters, Volume 17, Number 11. <a target=\"_blank\" href=\"https:\/\/iopscience.iop.org\/article\/10.1088\/1748-9326\/ac99ef\/meta\">https:\/\/iopscience.iop.org\/article\/10.1088\/1748-9326\/ac99ef\/meta<\/a><\/p>\n<p>Rose, R. (2015). Justicia medioambiental y calidad del aire en Santiago de Chile. Rev. salud p\u00fablica. 17 (3): 337-350, 2015. <a target=\"_blank\" href=\"https:\/\/revistas.unal.edu.co\/index.php\/revsaludpublica\/article\/view\/38465\">https:\/\/revistas.unal.edu.co\/index.php\/revsaludpublica\/article\/view\/38465<\/a><\/p>\n<p>Gardner-Frolick, R., Boyd, D. and Giang, A.<strong><em>.<\/em><\/strong> (2022). Selecting Data Analytic and Modeling Methods to Support Air Pollution and Environmental Justice Investigations: A Critical Review and Guidance Framework. Environ. Sci. Technol.\u00a02022, 56, 5, 2843\u20132860. <a target=\"_blank\" href=\"https:\/\/pubs.acs.org\/doi\/full\/10.1021\/acs.est.1c01739\">https:\/\/pubs.acs.org\/doi\/full\/10.1021\/acs.est.1c01739<\/a><\/p>\n<p>Ram\u00edrez, S. J., Galindo, M. G., &amp; Contreras, C. (2015). Justicia ambiental: Entre la utop\u00eda y la realidad social. Culturales, 3(1), 225-250. http:\/\/www.scielo.org.mx\/scielo.php?script=sci_arttext&amp;pid=S1870-11912015000100008&amp;lng=es&amp;tlng=es<\/p>\n<p>Prieto-Flores, M. E.., <em>et al.<\/em> (2017). Contaminaci\u00f3n del aire, mortalidad cardiovascular y grupos vulnerables en Madrid: un estudio exploratorio desde la perspectiva de la justicia ambiental. Revista Scripta Nova, Vol. XXI. N\u00fam. 559. Marzo 2017. <a target=\"_blank\" href=\"https:\/\/revistes.ub.edu\/index.php\/ScriptaNova\/article\/view\/18008\/20722\">https:\/\/revistes.ub.edu\/index.php\/ScriptaNova\/article\/view\/18008\/20722<\/a><\/p>\n<p>&nbsp;<\/p>\n","protected":false},"excerpt":{"rendered":"<p>Se acab\u00f3 apelar \u00fanicamente a la conciencia. La v\u00eda legal se ha convertido en un camino cada vez m\u00e1s frecuentado por las comunidades ciudadanas para defender el derecho de las personas a disfrutar de un medioambiente saludable. Las noticias nos muestran con frecuencia c\u00f3mo un derecho humano b\u00e1sico como es el disfrute de un medioambiente [&hellip;]<\/p>\n","protected":false},"author":6,"featured_media":51525,"comment_status":"closed","ping_status":"closed","sticky":false,"template":"","format":"standard","meta":{"_acf_changed":false,"_et_pb_use_builder":"","_et_pb_old_content":"","_et_gb_content_width":"","footnotes":""},"categories":[164],"tags":[],"resources":[379,393],"class_list":["post-51516","post","type-post","status-publish","format-standard","has-post-thumbnail","hentry","category-articulos","resources-articulos","resources-contaminacion-urbana"],"acf":[],"yoast_head":"<!-- This site is optimized with the Yoast SEO plugin v27.5 - https:\/\/yoast.com\/product\/yoast-seo-wordpress\/ -->\n<title>Calidad del aire en las comunidades, una cuesti\u00f3n de justicia ambiental - Kunak<\/title>\n<meta name=\"description\" content=\"La justicia ambiental es un recurso legal de la ciudadan\u00eda y comunidades para exigir que se cumpla su derecho a un medioambiente saludable.\" \/>\n<meta name=\"robots\" content=\"index, follow, max-snippet:-1, max-image-preview:large, max-video-preview:-1\" \/>\n<link rel=\"canonical\" href=\"https:\/\/kunakair.com\/es\/calidad-del-aire-en-las-comunidades\/\" \/>\n<meta property=\"og:locale\" content=\"es_ES\" \/>\n<meta property=\"og:type\" content=\"article\" \/>\n<meta property=\"og:title\" content=\"Calidad del aire en las comunidades, una cuesti\u00f3n de justicia ambiental - Kunak\" \/>\n<meta property=\"og:description\" content=\"La justicia ambiental es un recurso legal de la ciudadan\u00eda y comunidades para exigir que se cumpla su derecho a un medioambiente saludable.\" \/>\n<meta property=\"og:url\" content=\"https:\/\/kunakair.com\/es\/calidad-del-aire-en-las-comunidades\/\" \/>\n<meta property=\"og:site_name\" content=\"Kunak\" \/>\n<meta property=\"article:publisher\" content=\"https:\/\/www.facebook.com\/KunakTechnologies\/\" \/>\n<meta property=\"article:author\" content=\"https:\/\/www.facebook.com\/kunakair\" \/>\n<meta property=\"article:published_time\" content=\"2024-06-03T14:31:40+00:00\" \/>\n<meta property=\"article:modified_time\" content=\"2024-11-18T12:10:42+00:00\" \/>\n<meta property=\"og:image\" content=\"https:\/\/kunakair.com\/wp-content\/uploads\/2024\/05\/How-clean-your-air-is_Ecowatch.jpg\" \/>\n\t<meta property=\"og:image:width\" content=\"1200\" \/>\n\t<meta property=\"og:image:height\" content=\"766\" \/>\n\t<meta property=\"og:image:type\" content=\"image\/jpeg\" \/>\n<meta name=\"author\" content=\"Equipo de marketing y comunicaci\u00f3n\" \/>\n<meta name=\"twitter:card\" content=\"summary_large_image\" \/>\n<meta name=\"twitter:creator\" content=\"@KunaK_sensing\" \/>\n<meta name=\"twitter:site\" content=\"@KunaK_sensing\" \/>\n<meta name=\"twitter:label1\" content=\"Escrito por\" \/>\n\t<meta name=\"twitter:data1\" content=\"Equipo de marketing y comunicaci\u00f3n\" \/>\n\t<meta name=\"twitter:label2\" content=\"Tiempo de lectura\" \/>\n\t<meta name=\"twitter:data2\" content=\"18 minutos\" \/>\n<!-- \/ Yoast SEO plugin. -->","yoast_head_json":{"title":"Calidad del aire en las comunidades, una cuesti\u00f3n de justicia ambiental - Kunak","description":"La justicia ambiental es un recurso legal de la ciudadan\u00eda y comunidades para exigir que se cumpla su derecho a un medioambiente saludable.","robots":{"index":"index","follow":"follow","max-snippet":"max-snippet:-1","max-image-preview":"max-image-preview:large","max-video-preview":"max-video-preview:-1"},"canonical":"https:\/\/kunakair.com\/es\/calidad-del-aire-en-las-comunidades\/","og_locale":"es_ES","og_type":"article","og_title":"Calidad del aire en las comunidades, una cuesti\u00f3n de justicia ambiental - Kunak","og_description":"La justicia ambiental es un recurso legal de la ciudadan\u00eda y comunidades para exigir que se cumpla su derecho a un medioambiente saludable.","og_url":"https:\/\/kunakair.com\/es\/calidad-del-aire-en-las-comunidades\/","og_site_name":"Kunak","article_publisher":"https:\/\/www.facebook.com\/KunakTechnologies\/","article_author":"https:\/\/www.facebook.com\/kunakair","article_published_time":"2024-06-03T14:31:40+00:00","article_modified_time":"2024-11-18T12:10:42+00:00","og_image":[{"width":1200,"height":766,"url":"https:\/\/kunakair.com\/wp-content\/uploads\/2024\/05\/How-clean-your-air-is_Ecowatch.jpg","type":"image\/jpeg"}],"author":"Equipo de marketing y comunicaci\u00f3n","twitter_card":"summary_large_image","twitter_creator":"@KunaK_sensing","twitter_site":"@KunaK_sensing","twitter_misc":{"Escrito por":"Equipo de marketing y comunicaci\u00f3n","Tiempo de lectura":"18 minutos"},"schema":{"@context":"https:\/\/schema.org","@graph":[{"@type":"Article","@id":"https:\/\/kunakair.com\/es\/calidad-del-aire-en-las-comunidades\/#article","isPartOf":{"@id":"https:\/\/kunakair.com\/es\/calidad-del-aire-en-las-comunidades\/"},"author":{"name":"Equipo de marketing y comunicaci\u00f3n","@id":"https:\/\/kunakair.com\/es\/#\/schema\/person\/32d5e976014d392d8b9f27bd02790a23"},"headline":"Calidad del aire en las comunidades, una cuesti\u00f3n de justicia ambiental","datePublished":"2024-06-03T14:31:40+00:00","dateModified":"2024-11-18T12:10:42+00:00","mainEntityOfPage":{"@id":"https:\/\/kunakair.com\/es\/calidad-del-aire-en-las-comunidades\/"},"wordCount":4145,"publisher":{"@id":"https:\/\/kunakair.com\/es\/#organization"},"image":{"@id":"https:\/\/kunakair.com\/es\/calidad-del-aire-en-las-comunidades\/#primaryimage"},"thumbnailUrl":"https:\/\/kunakair.com\/wp-content\/uploads\/2024\/05\/How-clean-your-air-is_Ecowatch.jpg","articleSection":["Art\u00edculos"],"inLanguage":"es"},{"@type":"WebPage","@id":"https:\/\/kunakair.com\/es\/calidad-del-aire-en-las-comunidades\/","url":"https:\/\/kunakair.com\/es\/calidad-del-aire-en-las-comunidades\/","name":"Calidad del aire en las comunidades, una cuesti\u00f3n de justicia ambiental - Kunak","isPartOf":{"@id":"https:\/\/kunakair.com\/es\/#website"},"primaryImageOfPage":{"@id":"https:\/\/kunakair.com\/es\/calidad-del-aire-en-las-comunidades\/#primaryimage"},"image":{"@id":"https:\/\/kunakair.com\/es\/calidad-del-aire-en-las-comunidades\/#primaryimage"},"thumbnailUrl":"https:\/\/kunakair.com\/wp-content\/uploads\/2024\/05\/How-clean-your-air-is_Ecowatch.jpg","datePublished":"2024-06-03T14:31:40+00:00","dateModified":"2024-11-18T12:10:42+00:00","description":"La justicia ambiental es un recurso legal de la ciudadan\u00eda y comunidades para exigir que se cumpla su derecho a un medioambiente saludable.","breadcrumb":{"@id":"https:\/\/kunakair.com\/es\/calidad-del-aire-en-las-comunidades\/#breadcrumb"},"inLanguage":"es","potentialAction":[{"@type":"ReadAction","target":["https:\/\/kunakair.com\/es\/calidad-del-aire-en-las-comunidades\/"]}]},{"@type":"ImageObject","inLanguage":"es","@id":"https:\/\/kunakair.com\/es\/calidad-del-aire-en-las-comunidades\/#primaryimage","url":"https:\/\/kunakair.com\/wp-content\/uploads\/2024\/05\/How-clean-your-air-is_Ecowatch.jpg","contentUrl":"https:\/\/kunakair.com\/wp-content\/uploads\/2024\/05\/How-clean-your-air-is_Ecowatch.jpg","width":1200,"height":766,"caption":"Cartel demandando justicia ambiental. (David L. Ryan) - Kunak"},{"@type":"BreadcrumbList","@id":"https:\/\/kunakair.com\/es\/calidad-del-aire-en-las-comunidades\/#breadcrumb","itemListElement":[{"@type":"ListItem","position":1,"name":"Home","item":"https:\/\/kunakair.com\/es\/"},{"@type":"ListItem","position":2,"name":"Calidad del aire en las comunidades, una cuesti\u00f3n de justicia ambiental"}]},{"@type":"WebSite","@id":"https:\/\/kunakair.com\/es\/#website","url":"https:\/\/kunakair.com\/es\/","name":"KUNAK","description":"Sensing anywhere","publisher":{"@id":"https:\/\/kunakair.com\/es\/#organization"},"alternateName":"Sensing anywhere","potentialAction":[{"@type":"SearchAction","target":{"@type":"EntryPoint","urlTemplate":"https:\/\/kunakair.com\/es\/?s={search_term_string}"},"query-input":{"@type":"PropertyValueSpecification","valueRequired":true,"valueName":"search_term_string"}}],"inLanguage":"es"},{"@type":"Organization","@id":"https:\/\/kunakair.com\/es\/#organization","name":"KUNAK","alternateName":"Sensing anywhere","url":"https:\/\/kunakair.com\/es\/","logo":{"@type":"ImageObject","inLanguage":"es","@id":"https:\/\/kunakair.com\/es\/#\/schema\/logo\/image\/","url":"https:\/\/kunakair.com\/wp-content\/uploads\/2022\/09\/logo-kunak-cuadrado.jpg","contentUrl":"https:\/\/kunakair.com\/wp-content\/uploads\/2022\/09\/logo-kunak-cuadrado.jpg","width":1000,"height":1000,"caption":"KUNAK"},"image":{"@id":"https:\/\/kunakair.com\/es\/#\/schema\/logo\/image\/"},"sameAs":["https:\/\/www.facebook.com\/KunakTechnologies\/","https:\/\/x.com\/KunaK_sensing","https:\/\/www.linkedin.com\/company\/kunak\/","https:\/\/www.instagram.com\/kunak_technologies\/","https:\/\/www.youtube.com\/channel\/UC-suigTybwCW50od_rhTZxg"]},{"@type":"Person","@id":"https:\/\/kunakair.com\/es\/#\/schema\/person\/32d5e976014d392d8b9f27bd02790a23","name":"Equipo de marketing y comunicaci\u00f3n","sameAs":["https:\/\/www.facebook.com\/kunakair","https:\/\/www.instagram.com\/kunak_technologies\/","https:\/\/www.linkedin.com\/company\/kunak\/","https:\/\/x.com\/KunaK_sensing","https:\/\/www.youtube.com\/@kunakair"],"url":"https:\/\/kunakair.com\/es\/author\/kunak\/"}]}},"_links":{"self":[{"href":"https:\/\/kunakair.com\/es\/wp-json\/wp\/v2\/posts\/51516","targetHints":{"allow":["GET"]}}],"collection":[{"href":"https:\/\/kunakair.com\/es\/wp-json\/wp\/v2\/posts"}],"about":[{"href":"https:\/\/kunakair.com\/es\/wp-json\/wp\/v2\/types\/post"}],"author":[{"embeddable":true,"href":"https:\/\/kunakair.com\/es\/wp-json\/wp\/v2\/users\/6"}],"replies":[{"embeddable":true,"href":"https:\/\/kunakair.com\/es\/wp-json\/wp\/v2\/comments?post=51516"}],"version-history":[{"count":10,"href":"https:\/\/kunakair.com\/es\/wp-json\/wp\/v2\/posts\/51516\/revisions"}],"predecessor-version":[{"id":59862,"href":"https:\/\/kunakair.com\/es\/wp-json\/wp\/v2\/posts\/51516\/revisions\/59862"}],"wp:featuredmedia":[{"embeddable":true,"href":"https:\/\/kunakair.com\/es\/wp-json\/wp\/v2\/media\/51525"}],"wp:attachment":[{"href":"https:\/\/kunakair.com\/es\/wp-json\/wp\/v2\/media?parent=51516"}],"wp:term":[{"taxonomy":"category","embeddable":true,"href":"https:\/\/kunakair.com\/es\/wp-json\/wp\/v2\/categories?post=51516"},{"taxonomy":"post_tag","embeddable":true,"href":"https:\/\/kunakair.com\/es\/wp-json\/wp\/v2\/tags?post=51516"},{"taxonomy":"resources","embeddable":true,"href":"https:\/\/kunakair.com\/es\/wp-json\/wp\/v2\/resources?post=51516"}],"curies":[{"name":"wp","href":"https:\/\/api.w.org\/{rel}","templated":true}]}}