{"id":33327,"date":"2023-12-27T20:31:31","date_gmt":"2023-12-27T18:31:31","guid":{"rendered":"https:\/\/kunakair.com\/air-pollution-in-madrid\/"},"modified":"2024-11-18T14:14:09","modified_gmt":"2024-11-18T12:14:09","slug":"contaminacion-del-aire-en-madrid","status":"publish","type":"post","link":"https:\/\/kunakair.com\/es\/contaminacion-del-aire-en-madrid\/","title":{"rendered":"Contaminaci\u00f3n del aire en Madrid, desaf\u00edos y soluciones en la lucha por la salud ambiental"},"content":{"rendered":"<p>La contaminaci\u00f3n del aire en Madrid es una problem\u00e1tica com\u00fan a la pr\u00e1ctica totalidad de las zonas urbanas. Se trata de una cuesti\u00f3n que tiende a generar r\u00edos de tinta y m\u00faltiples discusiones pol\u00edticas. Pero en torno a la calidad del aire hay una verdad incuestionable: <strong>cuando no se cumplen unos est\u00e1ndares m\u00ednimos, las consecuencias se dejan notar en la salud de la ciudadan\u00eda y en los ecosistemas<\/strong>.<\/p>\n<h2>Tipos de contaminaci\u00f3n en Madrid<\/h2>\n<p>La contaminaci\u00f3n del aire atrae la mayor parte del foco medi\u00e1tico en las zonas urbanas.<\/p>\n<p>Pero las ciudades tambi\u00e9n experimentan otros tipos de contaminaci\u00f3n que no reciben la misma atenci\u00f3n y que resultan igualmente da\u00f1inos.<\/p>\n<h3>Contaminaci\u00f3n ac\u00fastica<\/h3>\n<p>La <strong>contaminaci\u00f3n ac\u00fastica<\/strong>, aunque a menudo pasa desapercibida, es un problema de primera magnitud. En el caso de Madrid, la <strong>4\u00ba ciudad europea con m\u00e1s ruido de Europa<\/strong>, m\u00e1s de 300 000 personas est\u00e1n expuestas a unos <a href=\"https:\/\/www.elespanol.com\/madrid\/capital\/20230223\/madrilenos-duerme-ruido-trafico-intolerable-salamanca-chamberi\/741176163_0.html\" target=\"_blank\" rel=\"noopener\"> niveles de contaminaci\u00f3n ac\u00fastica nocturna perjudiciales <\/a>.<\/p>\n<p>La <strong>principal fuente de emisi\u00f3n de ruido es el tr\u00e1fico<\/strong>. De hecho, vivir, por ejemplo, junto a zonas muy transitadas incide en la salud mental y f\u00edsica.<\/p>\n<h3>Contaminaci\u00f3n lum\u00ednica<\/h3>\n<p><strong>Entendemos por contaminaci\u00f3n lum\u00ednica la generada por los sistemas de iluminaci\u00f3n que, bien por exceso, dise\u00f1o inapropiado, etc., altera la oscuridad propia de la noche<\/strong>.<\/p>\n<p>Puede parecer un mal menor. Pero lo cierto es que la contaminaci\u00f3n lum\u00ednica genera m\u00faltiples <strong>afecciones sobre la biodiversidad o la salud humana<\/strong>.<\/p>\n<p>En el caso de Madrid y aunque ha habido ciertas mejoras como resultado del <a href=\"https:\/\/www.ucm.es\/madrid-contaminacion-luminica-complutense\" target=\"_blank\" rel=\"noopener\"> cambio del alumbrado p\u00fablico <\/a> en 2014, la capital espa\u00f1ola sigue siendo, en este sentido, la <a href=\"https:\/\/cadenaser.com\/cmadrid\/2022\/12\/07\/alejandro-sanchez-doctor-en-astrofisica-madrid-es-la-ciudad-espanola-con-mayor-contaminacion-luminica-radio-madrid\/\" target=\"_blank\" rel=\"noopener\"> ciudad m\u00e1s contaminada del pa\u00eds <\/a>.<\/p>\n<h3>Contaminaci\u00f3n del aire<\/h3>\n<p>Sin lugar a dudas, la contaminaci\u00f3n del aire es uno de los principales desaf\u00edos. Espa\u00f1a, de hecho, fue <a href=\"https:\/\/www.agenciasinc.es\/Noticias\/La-justicia-europea-condena-a-Espana-por-la-contaminacion-de-Madrid-y-Barcelona\" target=\"_blank\" rel=\"noopener\"> condenada a finales de 2022 <\/a> por el <strong>reiterado incumplimiento de la normativa ambiental en Madrid y Barcelona<\/strong>.<\/p>\n<p>Los elevados niveles de di\u00f3xido de nitr\u00f3geno (NO<sub>2<\/sub>) y part\u00edculas en suspensi\u00f3n (PM<sub>2.5<\/sub>) que soporta Madrid la sit\u00faan como <strong>una de las ciudades europeas con<\/strong> <strong><a href=\"https:\/\/www.agenciasinc.es\/Noticias\/Madrid-es-la-ciudad-europea-con-mayor-nivel-de-contaminacion-por-NO2-y-mortalidad-asociada\" target=\"_blank\" rel=\"noopener\"> mayor mortalidad atribuible a la contaminaci\u00f3n atmosf\u00e9rica<\/a><\/strong>.<\/p>\n<p><img decoding=\"async\" class=\"alignnone size-medium wp-image-33195\" src=\"https:\/\/kunakair.com\/wp-content\/uploads\/2024\/01\/Pollution_in_Madrid.webp\" alt=\"Air pollution in Madrid\" width=\"100%\" height=\"auto\" \/><\/p>\n<h2>Contaminaci\u00f3n hoy en Madrid<\/h2>\n<p>Es indudable que el avance de la tecnolog\u00eda facilita la comunicaci\u00f3n de aspectos tales como la calidad del aire. As\u00ed y a d\u00eda de hoy existen <strong>m\u00faltiples herramientas para mantener a la poblaci\u00f3n informada<\/strong> sobre los niveles de contaminaci\u00f3n del aire en tiempo real en Madrid.<\/p>\n<p>Una de las fuentes de informaci\u00f3n que se pueden consultar en este sentido es la <strong>web creada por el Ayuntamiento de Madrid<\/strong> que recoge los <a href=\"https:\/\/airedemadrid.madrid.es\/portales\/calidadaire\/es\/Bases-de-datos-y-publicaciones\/Bases-de-datos-de-calidad-del-aire\/En-tiempo-real\/?vgnextfmt=default&amp;vgnextchannel=650a89e859517710VgnVCM1000001d4a900aRCRD\" target=\"_blank\" rel=\"noopener\"> datos de las 24 estaciones de calidad del aire <\/a> con que cuenta la ciudad.<\/p>\n<p>Las variables recogidas en esta web incluyen:<\/p>\n<ul>\n<li style=\"font-weight: 400;\" aria-level=\"1\">Part\u00edculas en suspensi\u00f3n (PM <sub>10 <\/sub> y PM <sub>2.5 <\/sub>)<\/li>\n<li style=\"font-weight: 400;\" aria-level=\"1\">Di\u00f3xido de nitr\u00f3geno (NO <sub>2 <\/sub>)<\/li>\n<li style=\"font-weight: 400;\" aria-level=\"1\">Di\u00f3xido de azufre (SO <sub>2 <\/sub>)<\/li>\n<li style=\"font-weight: 400;\" aria-level=\"1\">Ozono (O <sub>3 <\/sub>)<\/li>\n<\/ul>\n<p>Algunas de las estaciones tambi\u00e9n miden mon\u00f3xido de carbono (CO), benceno (BE) y tolueno (TO).<\/p>\n<p>La capital tambi\u00e9n cuenta con una <strong>aplicaci\u00f3n m\u00f3vil<\/strong>, Aire de Madrid, disponible tanto para <a href=\"https:\/\/play.google.com\/store\/apps\/details?id=es.madrid.CAIREMVCAIREAND&amp;hl=es\" target=\"_blank\" rel=\"noopener\"> Android <\/a> como para <a href=\"https:\/\/itunes.apple.com\/es\/app\/aire-de-madrid\/id1056591219?mt=8\" target=\"_blank\" rel=\"noopener\"> Apple <\/a> y una cuenta en <a href=\"https:\/\/twitter.com\/airedemadrid\" target=\"_blank\" rel=\"noopener\"> X <\/a> (conocida anteriormente como Twitter) donde se publican actualizaciones peri\u00f3dicas.<\/p>\n<h2>Contaminaci\u00f3n en Madrid por zonas<\/h2>\n<p>A efectos de la calidad del aire, Madrid se divide en <strong>5 \u00e1reas<\/strong> delimitadas tal y como refleja el mapa adjunto.<\/p>\n<p><iframe loading=\"lazy\" src=\"https:\/\/geoportal.madrid.es\/IDEAM_WBGEOPORTAL\/visor_ide.iam?ArcGIS=https:\/\/sigma.madrid.es\/hosted\/rest\/services\/GEOPORTAL\/ZONAS_DE_CALIDAD_DEL_AIRE_Y_ESTACIONES_DE_MEDICION\/MapServer\" width=\"900;\" height=\"600;\" frameborder=\"0\" scrolling=\"no\" allowfullscreen=\"allowfullscreen\" data-mce-fragment=\"1\"><span data-mce-type=\"bookmark\" style=\"display: inline-block; width: 0px; overflow: hidden; line-height: 0;\" class=\"mce_SELRES_start\"><\/span> <span data-mce-type=\"bookmark\" style=\"display: inline-block; width: 0px; overflow: hidden; line-height: 0;\" class=\"mce_SELRES_start\"><\/span> <\/iframe><\/p>\n<p>Antes de detallar c\u00f3mo es la contaminaci\u00f3n en cada zona, conviene definir con <strong>qu\u00e9 tipo de estaciones<\/strong> cuenta cada \u00e1rea:<\/p>\n<ul>\n<li style=\"font-weight: 400;\" aria-level=\"1\"><strong>De tr\u00e1fico:<\/strong> estos equipamientos se sit\u00faan en las zonas altamente influenciadas por el tr\u00e1fico de calles o carreteras.<\/li>\n<li style=\"font-weight: 400;\" aria-level=\"1\"><strong>Urbanas de fondo:<\/strong> se localizan dentro de las zonas urbanas, registrando los niveles de exposici\u00f3n que experimenta la ciudadan\u00eda.<\/li>\n<li style=\"font-weight: 400;\" aria-level=\"1\"><strong>Suburbanas:<\/strong> se emplazan en las afueras de la ciudad, donde las concentraciones de ozono son m\u00e1s elevadas. <a href=\"https:\/\/www.miteco.gob.es\/es\/calidad-y-evaluacion-ambiental\/temas\/atmosfera-y-calidad-del-aire\/calidad-del-aire\/salud\/ozono.html\" target=\"_blank\" rel=\"noopener\"> El ozono es un contaminante secundario <\/a>. Es decir, se genera por una reacci\u00f3n fotoqu\u00edmica a partir de los NOx y los compuestos org\u00e1nicos vol\u00e1tiles (COV).<\/li>\n<\/ul>\n<h3>Calidad del aire en el interior de la M30 (Zona 1)<\/h3>\n<p>Esta zona dispone de 7 estaciones de tr\u00e1fico y 3 estaciones de fondo.<\/p>\n<p>El principal problema de esta zona y, por ende, de toda la ciudad, son los niveles de<strong> di\u00f3xido de nitr\u00f3geno<\/strong>. Este contaminante supera ampliamente los valores recomendados por la OMS y el nuevo valor l\u00edmite que contemplar\u00e1 la <a href=\"https:\/\/www.consilium.europa.eu\/es\/press\/press-releases\/2023\/11\/09\/air-quality-council-ready-to-start-talks-with-parliament-on-new-rules-to-strengthen-standards-in-the-eu\/\" target=\"_blank\" rel=\"noopener\"> nueva Directiva Europea sobre calidad del aire <\/a>.<\/p>\n<h3>Calidad del aire en el sureste (Zona 2)<\/h3>\n<p>La zona 2 cuenta con 1 estaci\u00f3n de tr\u00e1fico y 2 de fondo. Los agentes contaminantes con m\u00e1s problemas en esta zona son, adem\u00e1s del di\u00f3xido de nitr\u00f3geno, las <strong>part\u00edculas en suspensi\u00f3n PM<sub>10<\/sub><\/strong>, especialmente en el caso de las estaciones de Moratalaz y Vallecas.<\/p>\n<h3>Calidad el aire en el noreste (Zona 3)<\/h3>\n<p>El noreste de Madrid dispone de 5 estaciones de fondo y 1 estaci\u00f3n suburbana.<\/p>\n<p>En esta zona y m\u00e1s concretamente en la estaci\u00f3n de Urb. Embajada se registran <strong>algunos de los valores m\u00e1s altos de PM<sub>10<\/sub> de toda la ciudad<\/strong>.<\/p>\n<h3>Calidad del aire en el noroeste (Zona 4)<\/h3>\n<p>Esta zona est\u00e1 cubierta por 2 estaciones suburbanas.<\/p>\n<p>Es el \u00e1rea con <strong>menores concentraciones de di\u00f3xido de nitr\u00f3geno<\/strong>, aunque la que mayores problemas presenta por la <strong>exposici\u00f3n al ozono<\/strong>.<\/p>\n<h3>Calidad del aire en el suroeste (Zona 5)<\/h3>\n<p>El suroeste de la capital dispone de una estaci\u00f3n de tr\u00e1fico y 2 de fondo.<\/p>\n<p>El suroeste de la capital es el \u00e1rea con <strong>mayores \u00edndices de di\u00f3xido de nitr\u00f3geno<\/strong>, con unos valores medios anuales que rozan el valor l\u00edmite legal actualmente vigente en la UE.<\/p>\n\n    <div class=\"calls one-column espacio-derecha call-fondo-blanco espacio-blanco-derecha call-con-foto\" >\n        <div class=\"calls-content\">\n                        \t<div class=\"calls-imagen\">\n            \t\t<img loading=\"lazy\" decoding=\"async\" width=\"1000\" height=\"880\" src=\"https:\/\/kunakair.com\/wp-content\/uploads\/2024\/11\/cta-informe-tecnico-urban-ES.png\" class=\"attachment-large size-large\" alt=\"\" srcset=\"https:\/\/kunakair.com\/wp-content\/uploads\/2024\/11\/cta-informe-tecnico-urban-ES.png 1000w, https:\/\/kunakair.com\/wp-content\/uploads\/2024\/11\/cta-informe-tecnico-urban-ES-980x862.png 980w, https:\/\/kunakair.com\/wp-content\/uploads\/2024\/11\/cta-informe-tecnico-urban-ES-480x422.png 480w\" sizes=\"(min-width: 0px) and (max-width: 480px) 480px, (min-width: 481px) and (max-width: 980px) 980px, (min-width: 981px) 1000px, 100vw\" \/>            \t<\/div>\n\n                        <div class=\"calls-content-inner\">\n                <p class=\"calls-title\">\u00bfNecesitas medir la contaminaci\u00f3n en tu ciudad?<\/p> <!-- Mostrar el t\u00edtulo del CTA -->\n                <div class=\"calls-text\"><p>Descarga ahora el informe completo y descubre c\u00f3mo Bilbao ha reducido la contaminaci\u00f3n atmosf\u00e9rica y creado una ciudad m\u00e1s sostenible.<\/p>\n<\/div>\n                \t                <div class=\"calls-buttons\">\n\t                    \t                        <a href=\"https:\/\/kunakair.com\/es\/informe-tecnico-control-de-la-calidad-del-aire-en-ciudades\/\" class=\"et_pb_button calls-button\"  target=\"_blank\" rel=\"nofollow\">\n\t                            Descargar informe\t                        <\/a>\n\t                    \t                <\/div>\n\t                        <\/div>   \n            \n        \n        <\/div>\n    <\/div>\n\n    \n<h2>\u00bfPor qu\u00e9 hay tanta contaminaci\u00f3n en Madrid?<\/h2>\n<p>El principal motivo de la elevada contaminaci\u00f3n es la <strong>densidad de tr\u00e1fico<\/strong> que soportan sus principales calles y accesos.<\/p>\n<p>Pero <strong>la meteorolog\u00eda tambi\u00e9n influye en la capacidad de la atm\u00f3sfera para dispersar los contaminantes<\/strong>. As\u00ed, por ejemplo, la estabilidad atmosf\u00e9rica que generan los anticiclones favorece el proceso de <a href=\"https:\/\/www.tiempo.com\/noticias\/ciencia\/que-es-inversion-termica-caracteristicas-contaminacion.html\" target=\"_blank\" rel=\"noopener\"> inversi\u00f3n t\u00e9rmica <\/a>, especialmente durante los meses de invierno, elevando notablemente los \u00edndices de contaminaci\u00f3n.<\/p>\n<p>En verano, por el contrario, la ausencia de lluvias o viento suele provocar <a href=\"https:\/\/www.telemadrid.es\/noticias\/madrid\/Grave-episodio-de-contaminacion-por-ozono-sobre-Madrid-0-2573742626--20230629120254.html\" target=\"_blank\" rel=\"noopener\"> episodios de contaminaci\u00f3n por ozono <\/a> como el ocurrido en junio de 2023, considerado como uno de los peores desde 2015.<\/p>\n<p><img decoding=\"async\" class=\"alignnone size-medium wp-image-33197\" src=\"https:\/\/kunakair.com\/wp-content\/uploads\/2024\/01\/Atmospheric_pollution_in_Madrid.webp\" alt=\"Effects of pollution in Madrid\" width=\"100%\" height=\"auto\" \/><\/p>\n<h2>Efectos de la contaminaci\u00f3n en Madrid<\/h2>\n<p>La contaminaci\u00f3n atmosf\u00e9rica en Madrid genera m\u00faltiples problemas. Los elementos con mayor afecci\u00f3n, el entorno natural de la capital o el patrimonio y las edificaciones de la ciudad.<\/p>\n<p>No obstante, <strong>una de las consecuencias m\u00e1s graves de la poluci\u00f3n en Madrid son los efectos negativos sobre la salud<\/strong>. Seg\u00fan el Instituto Carlos III, que lleva a\u00f1os analizando los efectos de la contaminaci\u00f3n sobre la salud humana, se estima que la deficiente calidad del aire de Madrid supone unos <a href=\"https:\/\/www.lamarea.com\/2023\/03\/01\/14-000-ingresos-hospitalarios-ano-madrid-atribuibles-contaminacion-atmosferica\/\" target=\"_blank\" rel=\"noopener\"> 14 000 ingresos hospitalarios anuales <\/a>.<\/p>\n<h2>Soluciones a la contaminaci\u00f3n en Madrid<\/h2>\n<p>Resolver el problema de la contaminaci\u00f3n del aire en Madrid no depende de una \u00fanica medida. Es cuesti\u00f3n de poner en pr\u00e1ctica un conjunto de acciones.<\/p>\n<p>En primer lugar, y teniendo en cuenta que el tr\u00e1fico es la principal fuente de emisi\u00f3n de gases contaminantes y part\u00edculas, resulta imprescindible hacer <strong>un uso m\u00e1s racional del veh\u00edculo privado<\/strong>. Compartir coche, evitar su uso para trayectos cortos o conducir de forma adecuada, evitando acelerar o frenar de forma brusca, contribuye a reducir los niveles de contaminaci\u00f3n.<\/p>\n<p>Otra medida probada para mejorar la calidad del aire es aumentar la superficie arbolada. En general, <strong>las zonas verdes, son fundamentales para reducir la incidencia de la contaminaci\u00f3n sobre la salud humana<\/strong>.<\/p>\n<p>Asimismo, tambi\u00e9n puede resultar conveniente <strong>incrementar la cobertura de las redes de medici\u00f3n<\/strong>, especialmente en las zonas m\u00e1s deficitarias, apostando por una <a href=\"https:\/\/kunakair.com\/es\/redes-hibridas-vigilancia-calidad-aire\/\" target=\"_blank\" rel=\"noopener\"> combinaci\u00f3n de estaciones de referencia fijas y estaciones basadas en sensores <\/a> como los que ofrece Kunak. Nuestros Kunak AIR Pro y Lite son garant\u00eda de calidad, habiendo sido reconocidos recientemente por el Airlab International Microsensors Challenge como los <a href=\"https:\/\/kunakair.com\/es\/el-sensor-de-calidad-del-aire-mas-preciso\/\" target=\"_blank\" rel=\"noopener\"> sensores multicontaminantes m\u00e1s precisos del mercado <\/a>.<\/p>\n<h2>Casos de \u00e9xito<\/h2>\n<p><strong>Kunak es una de las referencias para decenas de ciudades que buscan abordar el problema de la contaminaci\u00f3n<\/strong>. Nuestras soluciones de monitorizaci\u00f3n nos convierten en uno de los l\u00edderes del mercado.<\/p>\n<p>Algunos de los casos de \u00e9xito son:<\/p>\n<ul>\n<li style=\"font-weight: 400;\" aria-level=\"1\"><a href=\"https:\/\/kunakair.com\/es\/casos-de-exito\/calle-30-natura-sensores-de-calidad-del-aire-kunak-air\/\" target=\"_blank\" rel=\"noopener\">Proyecto Calle 30 Natura <\/a>, donde nuestras estaciones complementan los jardines verticales que tapizan un tramo de la M-30 en Madrid.<\/li>\n<li style=\"font-weight: 400;\" aria-level=\"1\"><a href=\"https:\/\/kunakair.com\/es\/casos-de-exito\/vigilancia-contaminacion-aire-albacete\/\" target=\"_blank\" rel=\"noopener\">Red de monitorizaci\u00f3n de la calidad del aire de Albacete <\/a>. 10 estaciones Kunak AIR apoyadas por paneles informativos transmiten a la poblaci\u00f3n las condiciones atmosf\u00e9ricas de esta ciudad manchega.<\/li>\n<li style=\"font-weight: 400;\" aria-level=\"1\"><a href=\"https:\/\/kunakair.com\/es\/casos-de-exito\/suministro-integracion-red-calidad-aire-urbano-donostia-san-sebastian\/\" target=\"_blank\" rel=\"noopener\">Red de sensores de calidad del aire de Donostia-San Sebasti\u00e1n. <\/a> Varias unidades Kunak AIR apoyan las mediciones que efect\u00faan las estaciones fijas existentes en la capital guipuzcoana.<\/li>\n<li style=\"font-weight: 400;\" aria-level=\"1\"><a href=\"https:\/\/kunakair.com\/es\/casos-de-exito\/sistema-de-medicion-de-calidad-de-aire-para-edusi-rivas-vaciamadrid\/\" target=\"_blank\" rel=\"noopener\">Red de medici\u00f3n de la calidad el aire de Rivas-Vaciamadrid <\/a>. Esta ciudad madrile\u00f1a dispone de 13 equipos encargados de monitorizar la calidad del aire en tiempo real.<\/li>\n<\/ul>\n","protected":false},"excerpt":{"rendered":"<p>La contaminaci\u00f3n del aire en Madrid es una problem\u00e1tica com\u00fan a la pr\u00e1ctica totalidad de las zonas urbanas. Se trata de una cuesti\u00f3n que tiende a generar r\u00edos de tinta y m\u00faltiples discusiones pol\u00edticas. Pero en torno a la calidad del aire hay una verdad incuestionable: cuando no se cumplen unos est\u00e1ndares m\u00ednimos, las consecuencias [&hellip;]<\/p>\n","protected":false},"author":6,"featured_media":33325,"comment_status":"closed","ping_status":"closed","sticky":false,"template":"","format":"standard","meta":{"_acf_changed":false,"_et_pb_use_builder":"","_et_pb_old_content":"","_et_gb_content_width":"","footnotes":""},"categories":[164],"tags":[],"resources":[379,393],"class_list":["post-33327","post","type-post","status-publish","format-standard","has-post-thumbnail","hentry","category-articulos","resources-articulos","resources-contaminacion-urbana"],"acf":[],"yoast_head":"<!-- This site is optimized with the Yoast SEO plugin v27.5 - https:\/\/yoast.com\/product\/yoast-seo-wordpress\/ -->\n<title>Contaminaci\u00f3n del aire en Madrid - Kunak<\/title>\n<meta name=\"description\" content=\"La contaminaci\u00f3n del aire en Madrid es un problema que la capital espa\u00f1ola comparte con m\u00faltiples ciudades en todo el mundo. \u00bfC\u00f3mo abordarlo?\" \/>\n<meta name=\"robots\" content=\"index, follow, max-snippet:-1, max-image-preview:large, max-video-preview:-1\" \/>\n<link rel=\"canonical\" href=\"https:\/\/kunakair.com\/es\/contaminacion-del-aire-en-madrid\/\" \/>\n<meta property=\"og:locale\" content=\"es_ES\" \/>\n<meta property=\"og:type\" content=\"article\" \/>\n<meta property=\"og:title\" content=\"Contaminaci\u00f3n del aire en Madrid - Kunak\" \/>\n<meta property=\"og:description\" content=\"La contaminaci\u00f3n del aire en Madrid es un problema que la capital espa\u00f1ola comparte con m\u00faltiples ciudades en todo el mundo. \u00bfC\u00f3mo abordarlo?\" \/>\n<meta property=\"og:url\" content=\"https:\/\/kunakair.com\/es\/contaminacion-del-aire-en-madrid\/\" \/>\n<meta property=\"og:site_name\" content=\"Kunak\" \/>\n<meta property=\"article:publisher\" content=\"https:\/\/www.facebook.com\/KunakTechnologies\/\" \/>\n<meta property=\"article:author\" content=\"https:\/\/www.facebook.com\/kunakair\" \/>\n<meta property=\"article:published_time\" content=\"2023-12-27T18:31:31+00:00\" \/>\n<meta property=\"article:modified_time\" content=\"2024-11-18T12:14:09+00:00\" \/>\n<meta property=\"og:image\" content=\"https:\/\/kunakair.com\/wp-content\/uploads\/2024\/01\/Air_pollution_in_Madrid.webp\" \/>\n\t<meta property=\"og:image:width\" content=\"1000\" \/>\n\t<meta property=\"og:image:height\" content=\"600\" \/>\n\t<meta property=\"og:image:type\" content=\"image\/webp\" \/>\n<meta name=\"author\" content=\"Equipo de marketing y comunicaci\u00f3n\" \/>\n<meta name=\"twitter:card\" content=\"summary_large_image\" \/>\n<meta name=\"twitter:creator\" content=\"@KunaK_sensing\" \/>\n<meta name=\"twitter:site\" content=\"@KunaK_sensing\" \/>\n<meta name=\"twitter:label1\" content=\"Escrito por\" \/>\n\t<meta name=\"twitter:data1\" content=\"Equipo de marketing y comunicaci\u00f3n\" \/>\n\t<meta name=\"twitter:label2\" content=\"Tiempo de lectura\" \/>\n\t<meta name=\"twitter:data2\" content=\"8 minutos\" \/>\n<!-- \/ Yoast SEO plugin. -->","yoast_head_json":{"title":"Contaminaci\u00f3n del aire en Madrid - Kunak","description":"La contaminaci\u00f3n del aire en Madrid es un problema que la capital espa\u00f1ola comparte con m\u00faltiples ciudades en todo el mundo. \u00bfC\u00f3mo abordarlo?","robots":{"index":"index","follow":"follow","max-snippet":"max-snippet:-1","max-image-preview":"max-image-preview:large","max-video-preview":"max-video-preview:-1"},"canonical":"https:\/\/kunakair.com\/es\/contaminacion-del-aire-en-madrid\/","og_locale":"es_ES","og_type":"article","og_title":"Contaminaci\u00f3n del aire en Madrid - Kunak","og_description":"La contaminaci\u00f3n del aire en Madrid es un problema que la capital espa\u00f1ola comparte con m\u00faltiples ciudades en todo el mundo. \u00bfC\u00f3mo abordarlo?","og_url":"https:\/\/kunakair.com\/es\/contaminacion-del-aire-en-madrid\/","og_site_name":"Kunak","article_publisher":"https:\/\/www.facebook.com\/KunakTechnologies\/","article_author":"https:\/\/www.facebook.com\/kunakair","article_published_time":"2023-12-27T18:31:31+00:00","article_modified_time":"2024-11-18T12:14:09+00:00","og_image":[{"width":1000,"height":600,"url":"https:\/\/kunakair.com\/wp-content\/uploads\/2024\/01\/Air_pollution_in_Madrid.webp","type":"image\/webp"}],"author":"Equipo de marketing y comunicaci\u00f3n","twitter_card":"summary_large_image","twitter_creator":"@KunaK_sensing","twitter_site":"@KunaK_sensing","twitter_misc":{"Escrito por":"Equipo de marketing y comunicaci\u00f3n","Tiempo de lectura":"8 minutos"},"schema":{"@context":"https:\/\/schema.org","@graph":[{"@type":"Article","@id":"https:\/\/kunakair.com\/es\/contaminacion-del-aire-en-madrid\/#article","isPartOf":{"@id":"https:\/\/kunakair.com\/es\/contaminacion-del-aire-en-madrid\/"},"author":{"name":"Equipo de marketing y comunicaci\u00f3n","@id":"https:\/\/kunakair.com\/es\/#\/schema\/person\/32d5e976014d392d8b9f27bd02790a23"},"headline":"Contaminaci\u00f3n del aire en Madrid, desaf\u00edos y soluciones en la lucha por la salud ambiental","datePublished":"2023-12-27T18:31:31+00:00","dateModified":"2024-11-18T12:14:09+00:00","mainEntityOfPage":{"@id":"https:\/\/kunakair.com\/es\/contaminacion-del-aire-en-madrid\/"},"wordCount":1557,"publisher":{"@id":"https:\/\/kunakair.com\/es\/#organization"},"image":{"@id":"https:\/\/kunakair.com\/es\/contaminacion-del-aire-en-madrid\/#primaryimage"},"thumbnailUrl":"https:\/\/kunakair.com\/wp-content\/uploads\/2024\/01\/Air_pollution_in_Madrid.webp","articleSection":["Art\u00edculos"],"inLanguage":"es"},{"@type":"WebPage","@id":"https:\/\/kunakair.com\/es\/contaminacion-del-aire-en-madrid\/","url":"https:\/\/kunakair.com\/es\/contaminacion-del-aire-en-madrid\/","name":"Contaminaci\u00f3n del aire en Madrid - Kunak","isPartOf":{"@id":"https:\/\/kunakair.com\/es\/#website"},"primaryImageOfPage":{"@id":"https:\/\/kunakair.com\/es\/contaminacion-del-aire-en-madrid\/#primaryimage"},"image":{"@id":"https:\/\/kunakair.com\/es\/contaminacion-del-aire-en-madrid\/#primaryimage"},"thumbnailUrl":"https:\/\/kunakair.com\/wp-content\/uploads\/2024\/01\/Air_pollution_in_Madrid.webp","datePublished":"2023-12-27T18:31:31+00:00","dateModified":"2024-11-18T12:14:09+00:00","description":"La contaminaci\u00f3n del aire en Madrid es un problema que la capital espa\u00f1ola comparte con m\u00faltiples ciudades en todo el mundo. \u00bfC\u00f3mo abordarlo?","breadcrumb":{"@id":"https:\/\/kunakair.com\/es\/contaminacion-del-aire-en-madrid\/#breadcrumb"},"inLanguage":"es","potentialAction":[{"@type":"ReadAction","target":["https:\/\/kunakair.com\/es\/contaminacion-del-aire-en-madrid\/"]}]},{"@type":"ImageObject","inLanguage":"es","@id":"https:\/\/kunakair.com\/es\/contaminacion-del-aire-en-madrid\/#primaryimage","url":"https:\/\/kunakair.com\/wp-content\/uploads\/2024\/01\/Air_pollution_in_Madrid.webp","contentUrl":"https:\/\/kunakair.com\/wp-content\/uploads\/2024\/01\/Air_pollution_in_Madrid.webp","width":1000,"height":600,"caption":"La contaminaci\u00f3n del aire en Madrid es un problema que la capital espa\u00f1ola comparte con m\u00faltiples ciudades en todo el mundo. \u00bfC\u00f3mo abordarlo?"},{"@type":"BreadcrumbList","@id":"https:\/\/kunakair.com\/es\/contaminacion-del-aire-en-madrid\/#breadcrumb","itemListElement":[{"@type":"ListItem","position":1,"name":"Home","item":"https:\/\/kunakair.com\/es\/"},{"@type":"ListItem","position":2,"name":"Contaminaci\u00f3n del aire en Madrid, desaf\u00edos y soluciones en la lucha por la salud ambiental"}]},{"@type":"WebSite","@id":"https:\/\/kunakair.com\/es\/#website","url":"https:\/\/kunakair.com\/es\/","name":"KUNAK","description":"Sensing anywhere","publisher":{"@id":"https:\/\/kunakair.com\/es\/#organization"},"alternateName":"Sensing anywhere","potentialAction":[{"@type":"SearchAction","target":{"@type":"EntryPoint","urlTemplate":"https:\/\/kunakair.com\/es\/?s={search_term_string}"},"query-input":{"@type":"PropertyValueSpecification","valueRequired":true,"valueName":"search_term_string"}}],"inLanguage":"es"},{"@type":"Organization","@id":"https:\/\/kunakair.com\/es\/#organization","name":"KUNAK","alternateName":"Sensing anywhere","url":"https:\/\/kunakair.com\/es\/","logo":{"@type":"ImageObject","inLanguage":"es","@id":"https:\/\/kunakair.com\/es\/#\/schema\/logo\/image\/","url":"https:\/\/kunakair.com\/wp-content\/uploads\/2022\/09\/logo-kunak-cuadrado.jpg","contentUrl":"https:\/\/kunakair.com\/wp-content\/uploads\/2022\/09\/logo-kunak-cuadrado.jpg","width":1000,"height":1000,"caption":"KUNAK"},"image":{"@id":"https:\/\/kunakair.com\/es\/#\/schema\/logo\/image\/"},"sameAs":["https:\/\/www.facebook.com\/KunakTechnologies\/","https:\/\/x.com\/KunaK_sensing","https:\/\/www.linkedin.com\/company\/kunak\/","https:\/\/www.instagram.com\/kunak_technologies\/","https:\/\/www.youtube.com\/channel\/UC-suigTybwCW50od_rhTZxg"]},{"@type":"Person","@id":"https:\/\/kunakair.com\/es\/#\/schema\/person\/32d5e976014d392d8b9f27bd02790a23","name":"Equipo de marketing y comunicaci\u00f3n","sameAs":["https:\/\/www.facebook.com\/kunakair","https:\/\/www.instagram.com\/kunak_technologies\/","https:\/\/www.linkedin.com\/company\/kunak\/","https:\/\/x.com\/KunaK_sensing","https:\/\/www.youtube.com\/@kunakair"],"url":"https:\/\/kunakair.com\/es\/author\/kunak\/"}]}},"_links":{"self":[{"href":"https:\/\/kunakair.com\/es\/wp-json\/wp\/v2\/posts\/33327","targetHints":{"allow":["GET"]}}],"collection":[{"href":"https:\/\/kunakair.com\/es\/wp-json\/wp\/v2\/posts"}],"about":[{"href":"https:\/\/kunakair.com\/es\/wp-json\/wp\/v2\/types\/post"}],"author":[{"embeddable":true,"href":"https:\/\/kunakair.com\/es\/wp-json\/wp\/v2\/users\/6"}],"replies":[{"embeddable":true,"href":"https:\/\/kunakair.com\/es\/wp-json\/wp\/v2\/comments?post=33327"}],"version-history":[{"count":4,"href":"https:\/\/kunakair.com\/es\/wp-json\/wp\/v2\/posts\/33327\/revisions"}],"predecessor-version":[{"id":59866,"href":"https:\/\/kunakair.com\/es\/wp-json\/wp\/v2\/posts\/33327\/revisions\/59866"}],"wp:featuredmedia":[{"embeddable":true,"href":"https:\/\/kunakair.com\/es\/wp-json\/wp\/v2\/media\/33325"}],"wp:attachment":[{"href":"https:\/\/kunakair.com\/es\/wp-json\/wp\/v2\/media?parent=33327"}],"wp:term":[{"taxonomy":"category","embeddable":true,"href":"https:\/\/kunakair.com\/es\/wp-json\/wp\/v2\/categories?post=33327"},{"taxonomy":"post_tag","embeddable":true,"href":"https:\/\/kunakair.com\/es\/wp-json\/wp\/v2\/tags?post=33327"},{"taxonomy":"resources","embeddable":true,"href":"https:\/\/kunakair.com\/es\/wp-json\/wp\/v2\/resources?post=33327"}],"curies":[{"name":"wp","href":"https:\/\/api.w.org\/{rel}","templated":true}]}}