{"id":31433,"date":"2023-06-02T10:41:33","date_gmt":"2023-06-02T09:41:33","guid":{"rendered":"https:\/\/kunakair.com\/?p=31433"},"modified":"2023-12-28T20:19:33","modified_gmt":"2023-12-28T18:19:33","slug":"calidad-del-aire-en-los-asentamientos-informales","status":"publish","type":"post","link":"https:\/\/kunakair.com\/es\/calidad-del-aire-en-los-asentamientos-informales\/","title":{"rendered":"Medir la calidad del aire en los asentamientos informales, una cuesti\u00f3n de justicia social"},"content":{"rendered":"<p>La calidad del aire en los <a href=\"https:\/\/habitat-worldmap.org\/es\/palabras-clave\/asentamientos-informales\/\" target=\"_blank\" rel=\"noopener\">asentamientos informales<\/a>\u00a0de las ciudades, tambi\u00e9n conocidos como <em>slums<\/em>, favelas, villas miseria o barrios chabolistas, es <strong>un desaf\u00edo que afecta la salud y la dignidad de vida<\/strong> de quienes residen en estas comunidades.<\/p>\n<p>Estos barrios precarios suelen localizarse en <strong>zonas marginales pr\u00f3ximas a fuentes de contaminaci\u00f3n<\/strong> (industrias, vertederos, zonas de tr\u00e1fico intenso, etc.). Esta ubicaci\u00f3n, unida a la quema de combustibles contaminantes para cocinar, calentarse o alumbrarse, son factores que contribuyen a unos <strong>preocupantes niveles de exposici\u00f3n frente a contaminantes atmosf\u00e9ricos<\/strong>, especialmente para los grupos m\u00e1s vulnerables.<\/p>\n<p>\u00bfQu\u00e9 podemos hacer para abordar el desaf\u00edo de la calidad del aire en los asentamientos informales?<\/p>\n<p>&nbsp;<\/p>\n<h2>La lucha diaria contra la contaminaci\u00f3n del aire en los <em>slums<\/em><\/h2>\n<blockquote><p>\u00ab<em>Si hay que elegir entre utilizar combustible sucio o no alimentar a los ni\u00f1os, \u00bfhay elecci\u00f3n?<\/em>\u00bb<\/p>\n<p>Cressida Bowyer \/ Heather Price. <a href=\"https:\/\/theconversation.com\/using-art-to-tackle-air-pollution-a-story-from-a-nairobi-slum-111212\" target=\"_blank\" rel=\"noopener\">The Conversation, 2019<\/a><\/p><\/blockquote>\n<p>&nbsp;<\/p>\n<p>La cita anterior refleja el d\u00eda a d\u00eda de muchos de los habitantes de asentamientos chabolistas. Unos <strong>1 000 millones de personas<\/strong>, una cifra que se estima crecer\u00e1 hasta <a href=\"https:\/\/www.mdpi.com\/2071-1050\/12\/22\/9510#:~:text=It%20is%20expected%20that%20by%20the%20mid%20twenty%2Dfirst%20century%2C%20up%20to%20three%20billion%20people%20will%20live%20in%20informal%20urban%20environments\" target=\"_blank\" rel=\"noopener\">3 000 millones de personas durante este siglo<\/a>.<\/p>\n<p>&nbsp;<\/p>\n<p><iframe loading=\"lazy\" src=\"https:\/\/data.worldbank.org\/share\/widget?indicators=EN.POP.SLUM.UR.ZS&amp;type=shaded&amp;view=map&amp;year=2020\" width=\"100%\" height=\"500\" frameborder=\"0\" scrolling=\"no\"><span data-mce-type=\"bookmark\" style=\"display: inline-block; width: 0px; overflow: hidden; line-height: 0;\" class=\"mce_SELRES_start\">\ufeff<\/span><\/iframe><\/p>\n<p>&nbsp;<\/p>\n<p>A pesar de los avances de ONGs y organismos internacionales, la calidad del aire en los slums es un reto. Un desaf\u00edo que dificulta alcanzar:<\/p>\n<ul>\n<li>La justicia social y equidad.<\/li>\n<li>El derecho a disfrutar de un estado de bienestar.<\/li>\n<li>La reducci\u00f3n del impacto ambiental sobre el entorno y los recursos naturales.<\/li>\n<li>Un desarrollo urbano m\u00e1s sostenible que mejore las condiciones de vida.<\/li>\n<\/ul>\n<p>&nbsp;<\/p>\n<h3>\u00bfCu\u00e1les son las principales fuentes de contaminaci\u00f3n en los asentamientos urbanos informales?<\/h3>\n<p>Las principales <strong>fuentes de contaminaci\u00f3n del aire<\/strong> pueden atribuirse a una combinaci\u00f3n de factores, entre ellos:<\/p>\n<ul>\n<li>La <strong>quema de combustibles s\u00f3lidos<\/strong> tales como madera, carb\u00f3n vegetal, biomasa o, incluso, residuos.<\/li>\n<li>Proximidad a <strong>carreteras con tr\u00e1fico denso y zonas industriales. <\/strong>Estas zonas, habitualmente, quedan fuera de la planificaci\u00f3n y se ocupan conforme la poblaci\u00f3n urbana crece.<\/li>\n<li><strong>Falta de infraestructuras relacionadas con la recogida de residuos o el tratamiento de aguas residuales. <\/strong>Esta situaci\u00f3n se traduce en emanaciones gaseosas y part\u00edculas en suspensi\u00f3n procedentes de incendios accidentales o intencionados.<\/li>\n<li><strong>Materiales de construcci\u00f3n y productos de limpieza<\/strong>.<\/li>\n<\/ul>\n<p>&nbsp;<\/p>\n<p>&nbsp;<\/p>\n<p><img loading=\"lazy\" decoding=\"async\" class=\"aligncenter wp-image-18122 size-full\" src=\"https:\/\/kunakair.com\/wp-content\/uploads\/2023\/06\/contaminacion-del-aire.png\" alt=\"Contaminaci\u00f3n del aire en slums\" width=\"900\" height=\"500\" \/><\/p>\n<p>&nbsp;<\/p>\n<h2>De la crisis a la esperanza: acciones para mejorar la calidad del aire en los asentamientos informales<\/h2>\n<p>El problema, como puedes observar, representa un verdadero h\u00e1ndicap.<\/p>\n<p>Pero la buena noticia es que <strong>existen soluciones efectivas<\/strong> para mejorar la calidad del aire en los asentamientos informales.<\/p>\n<p>Una estrategia clave es la <strong>implementaci\u00f3n de sistemas de monitorizaci\u00f3n de calidad del aire<\/strong> con dispositivos <em>low-cost<\/em>. Esta soluci\u00f3n adquiere una <strong>especial relevancia cuando no existen equipamientos de referencia<\/strong> destinados a este fin, una carencia motivada por el <a href=\"https:\/\/www.sciencedirect.com\/science\/article\/abs\/pii\/S1361920917301207\" target=\"_blank\" rel=\"noopener\">elevado precio y los conocimientos t\u00e9cnicos requeridos para su manejo y mantenimiento<\/a>.<\/p>\n<p>As\u00ed, por ejemplo, el despliegue de una red de monitores low-cost, al estilo del proyecto llevado a cabo en <a href=\"https:\/\/unctad.org\/system\/files\/non-official-document\/CSTD_2015_ppt23_Zennaro_en.pdf\" target=\"_blank\" rel=\"noopener\">Ben\u00edn<\/a> o el desarrollado en <a href=\"https:\/\/www.cleanairjournal.org.za\/article\/view\/7037\" target=\"_blank\" rel=\"noopener\">Nairobi<\/a>, pueden resultar de gran utilidad para:<\/p>\n<ul>\n<li>recopilar datos a trav\u00e9s de tecnolog\u00edas innovadoras;<\/li>\n<li>abordar el problema de la calidad del aire mediante un enfoque integral que permita comprender la magnitud del problema, y<\/li>\n<li>tomar medidas efectivas, involucrando a la comunidad para promover pr\u00e1cticas sostenibles.<\/li>\n<\/ul>\n<p>Una de las inquietudes que pueden surgir en este tipo de proyectos est\u00e1 relacionada con la <strong>precisi\u00f3n del dato de calidad del aire obtenido<\/strong>. Al fin y al cabo, dentro de los sensores<em> low-cost<\/em> existe un amplio cat\u00e1logo de aparatos de monitorizaci\u00f3n. En el mercado se pueden encontrar desde dispositivos de escasa fiabilidad hasta soluciones casi parejas a los resultados que ofrecen los equipos de referencia.<\/p>\n<p>Por esta raz\u00f3n, desde Kunak apostamos por mejorar la fiabilidad de los datos colocando estaciones <a href=\"https:\/\/kunakair.com\/es\/monitor-calidad-aire\/\" target=\"_blank\" rel=\"noopener\">Kunak AIR Pro como sistema de referencia<\/a> en base al cual calibrar el resto de dispositivos. <strong>Nuestros productos tienen uno de los est\u00e1ndares de calidad m\u00e1s elevados del mercado<\/strong>, con una demostrada precisi\u00f3n (validada por instituciones de reconocido prestigio) que aporta un plus de garant\u00eda.<\/p>\n<p>&nbsp;<\/p>\n<h2>En resumen<\/h2>\n<p>La calidad del aire en los asentamientos informales de las ciudades es un problema urgente que afecta la salud y la dignidad de vida de sus habitantes. Mediante la monitorizaci\u00f3n, la adopci\u00f3n de tecnolog\u00edas limpias y la participaci\u00f3n comunitaria, podemos lograr un cambio positivo.<\/p>\n<p><strong>Es momento de actuar.<\/strong><\/p>\n<p>Por un aire limpio, un futuro saludable y una vida digna en los asentamientos informales.<\/p>\n","protected":false},"excerpt":{"rendered":"<p>La calidad del aire en los asentamientos informales\u00a0de las ciudades, tambi\u00e9n conocidos como slums, favelas, villas miseria o barrios chabolistas, es un desaf\u00edo que afecta la salud y la dignidad de vida de quienes residen en estas comunidades. Estos barrios precarios suelen localizarse en zonas marginales pr\u00f3ximas a fuentes de contaminaci\u00f3n (industrias, vertederos, zonas de [&hellip;]<\/p>\n","protected":false},"author":6,"featured_media":31438,"comment_status":"closed","ping_status":"closed","sticky":false,"template":"","format":"standard","meta":{"_acf_changed":false,"_et_pb_use_builder":"","_et_pb_old_content":"","_et_gb_content_width":"","footnotes":""},"categories":[],"tags":[],"resources":[379,393],"class_list":["post-31433","post","type-post","status-publish","format-standard","has-post-thumbnail","hentry","resources-articulos","resources-contaminacion-urbana"],"acf":[],"yoast_head":"<!-- This site is optimized with the Yoast SEO plugin v27.4 - https:\/\/yoast.com\/product\/yoast-seo-wordpress\/ -->\n<title>Calidad del aire en los asentamientos informales, medir para dignificar la vida - Kunak<\/title>\n<meta name=\"description\" content=\"La falta de servicios y la quema de combustibles determina la calidad del aire en los asentamientos informales. \u00bfC\u00f3mo aliviar esta situaci\u00f3n?\" \/>\n<meta name=\"robots\" content=\"index, follow, max-snippet:-1, max-image-preview:large, max-video-preview:-1\" \/>\n<link rel=\"canonical\" href=\"https:\/\/kunakair.com\/es\/calidad-del-aire-en-los-asentamientos-informales\/\" \/>\n<meta property=\"og:locale\" content=\"es_ES\" \/>\n<meta property=\"og:type\" content=\"article\" \/>\n<meta property=\"og:title\" content=\"Calidad del aire en los asentamientos informales, medir para dignificar la vida - Kunak\" \/>\n<meta property=\"og:description\" content=\"La falta de servicios y la quema de combustibles determina la calidad del aire en los asentamientos informales. \u00bfC\u00f3mo aliviar esta situaci\u00f3n?\" \/>\n<meta property=\"og:url\" content=\"https:\/\/kunakair.com\/es\/calidad-del-aire-en-los-asentamientos-informales\/\" \/>\n<meta property=\"og:site_name\" content=\"Kunak\" \/>\n<meta property=\"article:publisher\" content=\"https:\/\/www.facebook.com\/KunakTechnologies\/\" \/>\n<meta property=\"article:author\" content=\"https:\/\/www.facebook.com\/kunakair\" \/>\n<meta property=\"article:published_time\" content=\"2023-06-02T09:41:33+00:00\" \/>\n<meta property=\"article:modified_time\" content=\"2023-12-28T18:19:33+00:00\" \/>\n<meta property=\"og:image\" content=\"https:\/\/kunakair.com\/wp-content\/uploads\/2023\/06\/calidad-del-aire-en-los-asentamientos-informales.png\" \/>\n\t<meta property=\"og:image:width\" content=\"900\" \/>\n\t<meta property=\"og:image:height\" content=\"500\" \/>\n\t<meta property=\"og:image:type\" content=\"image\/png\" \/>\n<meta name=\"author\" content=\"Equipo de marketing y comunicaci\u00f3n\" \/>\n<meta name=\"twitter:card\" content=\"summary_large_image\" \/>\n<meta name=\"twitter:creator\" content=\"@KunaK_sensing\" \/>\n<meta name=\"twitter:site\" content=\"@KunaK_sensing\" \/>\n<meta name=\"twitter:label1\" content=\"Escrito por\" \/>\n\t<meta name=\"twitter:data1\" content=\"Equipo de marketing y comunicaci\u00f3n\" \/>\n\t<meta name=\"twitter:label2\" content=\"Tiempo de lectura\" \/>\n\t<meta name=\"twitter:data2\" content=\"4 minutos\" \/>\n<!-- \/ Yoast SEO plugin. -->","yoast_head_json":{"title":"Calidad del aire en los asentamientos informales, medir para dignificar la vida - Kunak","description":"La falta de servicios y la quema de combustibles determina la calidad del aire en los asentamientos informales. \u00bfC\u00f3mo aliviar esta situaci\u00f3n?","robots":{"index":"index","follow":"follow","max-snippet":"max-snippet:-1","max-image-preview":"max-image-preview:large","max-video-preview":"max-video-preview:-1"},"canonical":"https:\/\/kunakair.com\/es\/calidad-del-aire-en-los-asentamientos-informales\/","og_locale":"es_ES","og_type":"article","og_title":"Calidad del aire en los asentamientos informales, medir para dignificar la vida - Kunak","og_description":"La falta de servicios y la quema de combustibles determina la calidad del aire en los asentamientos informales. \u00bfC\u00f3mo aliviar esta situaci\u00f3n?","og_url":"https:\/\/kunakair.com\/es\/calidad-del-aire-en-los-asentamientos-informales\/","og_site_name":"Kunak","article_publisher":"https:\/\/www.facebook.com\/KunakTechnologies\/","article_author":"https:\/\/www.facebook.com\/kunakair","article_published_time":"2023-06-02T09:41:33+00:00","article_modified_time":"2023-12-28T18:19:33+00:00","og_image":[{"width":900,"height":500,"url":"https:\/\/kunakair.com\/wp-content\/uploads\/2023\/06\/calidad-del-aire-en-los-asentamientos-informales.png","type":"image\/png"}],"author":"Equipo de marketing y comunicaci\u00f3n","twitter_card":"summary_large_image","twitter_creator":"@KunaK_sensing","twitter_site":"@KunaK_sensing","twitter_misc":{"Escrito por":"Equipo de marketing y comunicaci\u00f3n","Tiempo de lectura":"4 minutos"},"schema":{"@context":"https:\/\/schema.org","@graph":[{"@type":"Article","@id":"https:\/\/kunakair.com\/es\/calidad-del-aire-en-los-asentamientos-informales\/#article","isPartOf":{"@id":"https:\/\/kunakair.com\/es\/calidad-del-aire-en-los-asentamientos-informales\/"},"author":{"name":"Equipo de marketing y comunicaci\u00f3n","@id":"https:\/\/kunakair.com\/es\/#\/schema\/person\/32d5e976014d392d8b9f27bd02790a23"},"headline":"Medir la calidad del aire en los asentamientos informales, una cuesti\u00f3n de justicia social","datePublished":"2023-06-02T09:41:33+00:00","dateModified":"2023-12-28T18:19:33+00:00","mainEntityOfPage":{"@id":"https:\/\/kunakair.com\/es\/calidad-del-aire-en-los-asentamientos-informales\/"},"wordCount":774,"publisher":{"@id":"https:\/\/kunakair.com\/es\/#organization"},"image":{"@id":"https:\/\/kunakair.com\/es\/calidad-del-aire-en-los-asentamientos-informales\/#primaryimage"},"thumbnailUrl":"https:\/\/kunakair.com\/wp-content\/uploads\/2023\/06\/calidad-del-aire-en-los-asentamientos-informales.png","inLanguage":"es"},{"@type":"WebPage","@id":"https:\/\/kunakair.com\/es\/calidad-del-aire-en-los-asentamientos-informales\/","url":"https:\/\/kunakair.com\/es\/calidad-del-aire-en-los-asentamientos-informales\/","name":"Calidad del aire en los asentamientos informales, medir para dignificar la vida - Kunak","isPartOf":{"@id":"https:\/\/kunakair.com\/es\/#website"},"primaryImageOfPage":{"@id":"https:\/\/kunakair.com\/es\/calidad-del-aire-en-los-asentamientos-informales\/#primaryimage"},"image":{"@id":"https:\/\/kunakair.com\/es\/calidad-del-aire-en-los-asentamientos-informales\/#primaryimage"},"thumbnailUrl":"https:\/\/kunakair.com\/wp-content\/uploads\/2023\/06\/calidad-del-aire-en-los-asentamientos-informales.png","datePublished":"2023-06-02T09:41:33+00:00","dateModified":"2023-12-28T18:19:33+00:00","description":"La falta de servicios y la quema de combustibles determina la calidad del aire en los asentamientos informales. \u00bfC\u00f3mo aliviar esta situaci\u00f3n?","breadcrumb":{"@id":"https:\/\/kunakair.com\/es\/calidad-del-aire-en-los-asentamientos-informales\/#breadcrumb"},"inLanguage":"es","potentialAction":[{"@type":"ReadAction","target":["https:\/\/kunakair.com\/es\/calidad-del-aire-en-los-asentamientos-informales\/"]}]},{"@type":"ImageObject","inLanguage":"es","@id":"https:\/\/kunakair.com\/es\/calidad-del-aire-en-los-asentamientos-informales\/#primaryimage","url":"https:\/\/kunakair.com\/wp-content\/uploads\/2023\/06\/calidad-del-aire-en-los-asentamientos-informales.png","contentUrl":"https:\/\/kunakair.com\/wp-content\/uploads\/2023\/06\/calidad-del-aire-en-los-asentamientos-informales.png","width":900,"height":500,"caption":"Calidad del aire en los asentamientos informales, medir para dignificar la vida"},{"@type":"BreadcrumbList","@id":"https:\/\/kunakair.com\/es\/calidad-del-aire-en-los-asentamientos-informales\/#breadcrumb","itemListElement":[{"@type":"ListItem","position":1,"name":"Home","item":"https:\/\/kunakair.com\/es\/"},{"@type":"ListItem","position":2,"name":"Medir la calidad del aire en los asentamientos informales, una cuesti\u00f3n de justicia social"}]},{"@type":"WebSite","@id":"https:\/\/kunakair.com\/es\/#website","url":"https:\/\/kunakair.com\/es\/","name":"KUNAK","description":"Sensing anywhere","publisher":{"@id":"https:\/\/kunakair.com\/es\/#organization"},"alternateName":"Sensing anywhere","potentialAction":[{"@type":"SearchAction","target":{"@type":"EntryPoint","urlTemplate":"https:\/\/kunakair.com\/es\/?s={search_term_string}"},"query-input":{"@type":"PropertyValueSpecification","valueRequired":true,"valueName":"search_term_string"}}],"inLanguage":"es"},{"@type":"Organization","@id":"https:\/\/kunakair.com\/es\/#organization","name":"KUNAK","alternateName":"Sensing anywhere","url":"https:\/\/kunakair.com\/es\/","logo":{"@type":"ImageObject","inLanguage":"es","@id":"https:\/\/kunakair.com\/es\/#\/schema\/logo\/image\/","url":"https:\/\/kunakair.com\/wp-content\/uploads\/2022\/09\/logo-kunak-cuadrado.jpg","contentUrl":"https:\/\/kunakair.com\/wp-content\/uploads\/2022\/09\/logo-kunak-cuadrado.jpg","width":1000,"height":1000,"caption":"KUNAK"},"image":{"@id":"https:\/\/kunakair.com\/es\/#\/schema\/logo\/image\/"},"sameAs":["https:\/\/www.facebook.com\/KunakTechnologies\/","https:\/\/x.com\/KunaK_sensing","https:\/\/www.linkedin.com\/company\/kunak\/","https:\/\/www.instagram.com\/kunak_technologies\/","https:\/\/www.youtube.com\/channel\/UC-suigTybwCW50od_rhTZxg"]},{"@type":"Person","@id":"https:\/\/kunakair.com\/es\/#\/schema\/person\/32d5e976014d392d8b9f27bd02790a23","name":"Equipo de marketing y comunicaci\u00f3n","sameAs":["https:\/\/www.facebook.com\/kunakair","https:\/\/www.instagram.com\/kunak_technologies\/","https:\/\/www.linkedin.com\/company\/kunak\/","https:\/\/x.com\/KunaK_sensing","https:\/\/www.youtube.com\/@kunakair"],"url":"https:\/\/kunakair.com\/es\/author\/kunak\/"}]}},"_links":{"self":[{"href":"https:\/\/kunakair.com\/es\/wp-json\/wp\/v2\/posts\/31433","targetHints":{"allow":["GET"]}}],"collection":[{"href":"https:\/\/kunakair.com\/es\/wp-json\/wp\/v2\/posts"}],"about":[{"href":"https:\/\/kunakair.com\/es\/wp-json\/wp\/v2\/types\/post"}],"author":[{"embeddable":true,"href":"https:\/\/kunakair.com\/es\/wp-json\/wp\/v2\/users\/6"}],"replies":[{"embeddable":true,"href":"https:\/\/kunakair.com\/es\/wp-json\/wp\/v2\/comments?post=31433"}],"version-history":[{"count":9,"href":"https:\/\/kunakair.com\/es\/wp-json\/wp\/v2\/posts\/31433\/revisions"}],"predecessor-version":[{"id":31466,"href":"https:\/\/kunakair.com\/es\/wp-json\/wp\/v2\/posts\/31433\/revisions\/31466"}],"wp:featuredmedia":[{"embeddable":true,"href":"https:\/\/kunakair.com\/es\/wp-json\/wp\/v2\/media\/31438"}],"wp:attachment":[{"href":"https:\/\/kunakair.com\/es\/wp-json\/wp\/v2\/media?parent=31433"}],"wp:term":[{"taxonomy":"category","embeddable":true,"href":"https:\/\/kunakair.com\/es\/wp-json\/wp\/v2\/categories?post=31433"},{"taxonomy":"post_tag","embeddable":true,"href":"https:\/\/kunakair.com\/es\/wp-json\/wp\/v2\/tags?post=31433"},{"taxonomy":"resources","embeddable":true,"href":"https:\/\/kunakair.com\/es\/wp-json\/wp\/v2\/resources?post=31433"}],"curies":[{"name":"wp","href":"https:\/\/api.w.org\/{rel}","templated":true}]}}